{"id":152271,"date":"2020-09-09T12:49:46","date_gmt":"2020-09-09T09:49:46","guid":{"rendered":"http:\/\/sana.sy\/es\/?p=152271"},"modified":"2023-01-10T15:38:25","modified_gmt":"2023-01-10T13:38:25","slug":"imagenes-aereas-de-los-incendios-en-los-montes-de-shattha-en-el-oeste-de-hama","status":"publish","type":"post","link":"https:\/\/archive.sana.sy\/es\/?p=152271","title":{"rendered":"Im\u00e1genes a\u00e9reas de los incendios en los montes de Shattha en el oeste de Hama"},"content":{"rendered":"<p style=\"text-align: justify;\"><span style=\"color: #800000;\"><strong>Damasco, SANA<\/strong><\/span><\/p>\n<p style=\"text-align: justify;\">A continuaci\u00f3n, im\u00e1genes captadas desde el aire por la agencia SANA de los enormes incendios que asolan los montes de la localidad de Shatha en el oeste de la provincia central de Hama, y en los que cuerpos de bomberos, soldados y helic\u00f3pteros del ej\u00e9rcito sirios, pobladores\u00a0 y un avi\u00f3n iran\u00ed colaboran para su extinci\u00f3n.<\/p>\n<p style=\"text-align: justify;\"><span style=\"color: #0000ff;\">fm<\/span><\/p>\n<div id='gallery-1' class='gallery galleryid-152271 gallery-columns-1 gallery-size-full'><figure class='gallery-item'>\n\t\t\t<div class='gallery-icon landscape'>\n\t\t\t\t<a href='https:\/\/archive.sana.sy\/es\/wp-content\/uploads\/2020\/09\/photo_2020-09-09_13-35-23.jpg'><img loading=\"lazy\" decoding=\"async\" width=\"1280\" height=\"852\" src=\"https:\/\/archive.sana.sy\/es\/wp-content\/uploads\/2020\/09\/photo_2020-09-09_13-35-23.jpg\" class=\"attachment-full size-full\" alt=\"\" srcset=\"https:\/\/archive.sana.sy\/es\/wp-content\/uploads\/2020\/09\/photo_2020-09-09_13-35-23.jpg 1280w, https:\/\/archive.sana.sy\/es\/wp-content\/uploads\/2020\/09\/photo_2020-09-09_13-35-23-300x200.jpg 300w, https:\/\/archive.sana.sy\/es\/wp-content\/uploads\/2020\/09\/photo_2020-09-09_13-35-23-1024x682.jpg 1024w, https:\/\/archive.sana.sy\/es\/wp-content\/uploads\/2020\/09\/photo_2020-09-09_13-35-23-150x100.jpg 150w, https:\/\/archive.sana.sy\/es\/wp-content\/uploads\/2020\/09\/photo_2020-09-09_13-35-23-768x511.jpg 768w, https:\/\/archive.sana.sy\/es\/wp-content\/uploads\/2020\/09\/photo_2020-09-09_13-35-23-310x205.jpg 310w\" sizes=\"(max-width: 1280px) 100vw, 1280px\" \/><\/a>\n\t\t\t<\/div><\/figure><figure class='gallery-item'>\n\t\t\t<div class='gallery-icon landscape'>\n\t\t\t\t<a href='https:\/\/archive.sana.sy\/es\/wp-content\/uploads\/2020\/09\/photo_2020-09-09_13-35-35-2.jpg'><img loading=\"lazy\" decoding=\"async\" width=\"1280\" height=\"852\" src=\"https:\/\/archive.sana.sy\/es\/wp-content\/uploads\/2020\/09\/photo_2020-09-09_13-35-35-2.jpg\" class=\"attachment-full size-full\" alt=\"\" srcset=\"https:\/\/archive.sana.sy\/es\/wp-content\/uploads\/2020\/09\/photo_2020-09-09_13-35-35-2.jpg 1280w, https:\/\/archive.sana.sy\/es\/wp-content\/uploads\/2020\/09\/photo_2020-09-09_13-35-35-2-300x200.jpg 300w, https:\/\/archive.sana.sy\/es\/wp-content\/uploads\/2020\/09\/photo_2020-09-09_13-35-35-2-1024x682.jpg 1024w, https:\/\/archive.sana.sy\/es\/wp-content\/uploads\/2020\/09\/photo_2020-09-09_13-35-35-2-150x100.jpg 150w, https:\/\/archive.sana.sy\/es\/wp-content\/uploads\/2020\/09\/photo_2020-09-09_13-35-35-2-768x511.jpg 768w, https:\/\/archive.sana.sy\/es\/wp-content\/uploads\/2020\/09\/photo_2020-09-09_13-35-35-2-310x205.jpg 310w\" sizes=\"(max-width: 1280px) 100vw, 1280px\" \/><\/a>\n\t\t\t<\/div><\/figure><figure class='gallery-item'>\n\t\t\t<div class='gallery-icon landscape'>\n\t\t\t\t<a href='https:\/\/archive.sana.sy\/es\/wp-content\/uploads\/2020\/09\/photo_2020-09-09_13-36-00-2.jpg'><img loading=\"lazy\" decoding=\"async\" width=\"1280\" height=\"852\" src=\"https:\/\/archive.sana.sy\/es\/wp-content\/uploads\/2020\/09\/photo_2020-09-09_13-36-00-2.jpg\" class=\"attachment-full size-full\" alt=\"\" srcset=\"https:\/\/archive.sana.sy\/es\/wp-content\/uploads\/2020\/09\/photo_2020-09-09_13-36-00-2.jpg 1280w, https:\/\/archive.sana.sy\/es\/wp-content\/uploads\/2020\/09\/photo_2020-09-09_13-36-00-2-300x200.jpg 300w, https:\/\/archive.sana.sy\/es\/wp-content\/uploads\/2020\/09\/photo_2020-09-09_13-36-00-2-1024x682.jpg 1024w, https:\/\/archive.sana.sy\/es\/wp-content\/uploads\/2020\/09\/photo_2020-09-09_13-36-00-2-150x100.jpg 150w, https:\/\/archive.sana.sy\/es\/wp-content\/uploads\/2020\/09\/photo_2020-09-09_13-36-00-2-768x511.jpg 768w, https:\/\/archive.sana.sy\/es\/wp-content\/uploads\/2020\/09\/photo_2020-09-09_13-36-00-2-310x205.jpg 310w\" sizes=\"(max-width: 1280px) 100vw, 1280px\" \/><\/a>\n\t\t\t<\/div><\/figure><figure class='gallery-item'>\n\t\t\t<div class='gallery-icon landscape'>\n\t\t\t\t<a href='https:\/\/archive.sana.sy\/es\/wp-content\/uploads\/2020\/09\/photo_2020-09-09_13-36-00.jpg'><img loading=\"lazy\" decoding=\"async\" width=\"1280\" height=\"852\" src=\"https:\/\/archive.sana.sy\/es\/wp-content\/uploads\/2020\/09\/photo_2020-09-09_13-36-00.jpg\" class=\"attachment-full size-full\" alt=\"\" srcset=\"https:\/\/archive.sana.sy\/es\/wp-content\/uploads\/2020\/09\/photo_2020-09-09_13-36-00.jpg 1280w, https:\/\/archive.sana.sy\/es\/wp-content\/uploads\/2020\/09\/photo_2020-09-09_13-36-00-300x200.jpg 300w, https:\/\/archive.sana.sy\/es\/wp-content\/uploads\/2020\/09\/photo_2020-09-09_13-36-00-1024x682.jpg 1024w, https:\/\/archive.sana.sy\/es\/wp-content\/uploads\/2020\/09\/photo_2020-09-09_13-36-00-150x100.jpg 150w, https:\/\/archive.sana.sy\/es\/wp-content\/uploads\/2020\/09\/photo_2020-09-09_13-36-00-768x511.jpg 768w, https:\/\/archive.sana.sy\/es\/wp-content\/uploads\/2020\/09\/photo_2020-09-09_13-36-00-310x205.jpg 310w\" sizes=\"(max-width: 1280px) 100vw, 1280px\" \/><\/a>\n\t\t\t<\/div><\/figure><figure class='gallery-item'>\n\t\t\t<div class='gallery-icon landscape'>\n\t\t\t\t<a href='https:\/\/archive.sana.sy\/es\/wp-content\/uploads\/2020\/09\/photo_2020-09-09_13-35-46.jpg'><img loading=\"lazy\" decoding=\"async\" width=\"1280\" height=\"852\" src=\"https:\/\/archive.sana.sy\/es\/wp-content\/uploads\/2020\/09\/photo_2020-09-09_13-35-46.jpg\" class=\"attachment-full size-full\" alt=\"\" srcset=\"https:\/\/archive.sana.sy\/es\/wp-content\/uploads\/2020\/09\/photo_2020-09-09_13-35-46.jpg 1280w, https:\/\/archive.sana.sy\/es\/wp-content\/uploads\/2020\/09\/photo_2020-09-09_13-35-46-300x200.jpg 300w, https:\/\/archive.sana.sy\/es\/wp-content\/uploads\/2020\/09\/photo_2020-09-09_13-35-46-1024x682.jpg 1024w, https:\/\/archive.sana.sy\/es\/wp-content\/uploads\/2020\/09\/photo_2020-09-09_13-35-46-150x100.jpg 150w, https:\/\/archive.sana.sy\/es\/wp-content\/uploads\/2020\/09\/photo_2020-09-09_13-35-46-768x511.jpg 768w, https:\/\/archive.sana.sy\/es\/wp-content\/uploads\/2020\/09\/photo_2020-09-09_13-35-46-310x205.jpg 310w\" sizes=\"(max-width: 1280px) 100vw, 1280px\" \/><\/a>\n\t\t\t<\/div><\/figure><figure class='gallery-item'>\n\t\t\t<div class='gallery-icon landscape'>\n\t\t\t\t<a href='https:\/\/archive.sana.sy\/es\/wp-content\/uploads\/2020\/09\/photo_2020-09-09_13-34-58.jpg'><img loading=\"lazy\" decoding=\"async\" width=\"1280\" height=\"852\" src=\"https:\/\/archive.sana.sy\/es\/wp-content\/uploads\/2020\/09\/photo_2020-09-09_13-34-58.jpg\" class=\"attachment-full size-full\" alt=\"\" srcset=\"https:\/\/archive.sana.sy\/es\/wp-content\/uploads\/2020\/09\/photo_2020-09-09_13-34-58.jpg 1280w, https:\/\/archive.sana.sy\/es\/wp-content\/uploads\/2020\/09\/photo_2020-09-09_13-34-58-300x200.jpg 300w, https:\/\/archive.sana.sy\/es\/wp-content\/uploads\/2020\/09\/photo_2020-09-09_13-34-58-1024x682.jpg 1024w, https:\/\/archive.sana.sy\/es\/wp-content\/uploads\/2020\/09\/photo_2020-09-09_13-34-58-150x100.jpg 150w, https:\/\/archive.sana.sy\/es\/wp-content\/uploads\/2020\/09\/photo_2020-09-09_13-34-58-768x511.jpg 768w, https:\/\/archive.sana.sy\/es\/wp-content\/uploads\/2020\/09\/photo_2020-09-09_13-34-58-310x205.jpg 310w\" sizes=\"(max-width: 1280px) 100vw, 1280px\" \/><\/a>\n\t\t\t<\/div><\/figure>\n\t\t<\/div>\n\n","protected":false},"excerpt":{"rendered":"<p>Damasco, SANA A continuaci\u00f3n, im\u00e1genes captadas desde el aire por la agencia SANA de los enormes incendios que asolan los montes de la localidad de Shatha en el oeste de la provincia central de Hama, y en los que cuerpos de bomberos, soldados y helic\u00f3pteros del ej\u00e9rcito sirios, pobladores\u00a0 y un avi\u00f3n iran\u00ed colaboran para &hellip;<\/p>\n","protected":false},"author":34,"featured_media":152287,"comment_status":"closed","ping_status":"closed","sticky":false,"template":"","format":"standard","meta":{"footnotes":""},"categories":[447,477,597,625,623,476,616,571,7541],"tags":[],"class_list":["post-152271","post","type-post","status-publish","format-standard","has-post-thumbnail","","category-local-politica","category-noticias-edulcorantes","category-cinta-de-noticias","category-fotos-fotos-sana","category-fotos-sana","category-locales","category-noticias-en-fotos","category-siria-en-fotos","category-ultimas-noticias"],"_links":{"self":[{"href":"https:\/\/archive.sana.sy\/es\/index.php?rest_route=\/wp\/v2\/posts\/152271"}],"collection":[{"href":"https:\/\/archive.sana.sy\/es\/index.php?rest_route=\/wp\/v2\/posts"}],"about":[{"href":"https:\/\/archive.sana.sy\/es\/index.php?rest_route=\/wp\/v2\/types\/post"}],"author":[{"embeddable":true,"href":"https:\/\/archive.sana.sy\/es\/index.php?rest_route=\/wp\/v2\/users\/34"}],"replies":[{"embeddable":true,"href":"https:\/\/archive.sana.sy\/es\/index.php?rest_route=%2Fwp%2Fv2%2Fcomments&post=152271"}],"version-history":[{"count":0,"href":"https:\/\/archive.sana.sy\/es\/index.php?rest_route=\/wp\/v2\/posts\/152271\/revisions"}],"wp:featuredmedia":[{"embeddable":true,"href":"https:\/\/archive.sana.sy\/es\/index.php?rest_route=\/wp\/v2\/media\/152287"}],"wp:attachment":[{"href":"https:\/\/archive.sana.sy\/es\/index.php?rest_route=%2Fwp%2Fv2%2Fmedia&parent=152271"}],"wp:term":[{"taxonomy":"category","embeddable":true,"href":"https:\/\/archive.sana.sy\/es\/index.php?rest_route=%2Fwp%2Fv2%2Fcategories&post=152271"},{"taxonomy":"post_tag","embeddable":true,"href":"https:\/\/archive.sana.sy\/es\/index.php?rest_route=%2Fwp%2Fv2%2Ftags&post=152271"}],"curies":[{"name":"wp","href":"https:\/\/api.w.org\/{rel}","templated":true}]}}