{"id":152293,"date":"2020-09-09T07:13:29","date_gmt":"2020-09-09T04:13:29","guid":{"rendered":"http:\/\/sana.sy\/es\/?p=152293"},"modified":"2023-01-12T14:43:17","modified_gmt":"2023-01-12T12:43:17","slug":"nueva-violacion-de-los-aviones-israelies-al-espacio-aereo-libanes","status":"publish","type":"post","link":"https:\/\/archive.sana.sy\/es\/?p=152293","title":{"rendered":"Nueva violaci\u00f3n de los aviones israel\u00edes al espacio a\u00e9reo liban\u00e9s"},"content":{"rendered":"<p style=\"text-align: justify;\">Beirut, SANA<\/p>\n<p style=\"text-align: justify;\">En una nueva violaci\u00f3n al espacio a\u00e9reo del L\u00edbano, aviones sionistas \u00a0sobrevolaron de forma provocativa a varias regiones libanesas.<\/p>\n<p style=\"text-align: justify;\">\u201cSe registraron 10 violaciones al espacio a\u00e9reo liban\u00e9s por las aeronaves israel\u00edes al sobrevolar las zonas del sur liban\u00e9s\u201d, inform\u00f3 el Ej\u00e9rcito liban\u00e9s en un comunicado.<\/p>\n<p style=\"text-align: justify;\">Indic\u00f3 la nota que se dio seguimiento al tema de esas violaciones por parte de las fuerzas de la ONU en El L\u00edbano.<\/p>\n<p style=\"text-align: justify;\">Casi a diario, los cazas israel\u00edes sobrevuelan el espacio a\u00e9reo liban\u00e9s violando las normas y leyes internacionales.<\/p>\n<p style=\"text-align: justify;\"><span style=\"color: #0000ff;\"><strong>W.S\/F.M<\/strong><\/span><\/p>\n","protected":false},"excerpt":{"rendered":"<p>Beirut, SANA En una nueva violaci\u00f3n al espacio a\u00e9reo del L\u00edbano, aviones sionistas \u00a0sobrevolaron de forma provocativa a varias regiones libanesas. \u201cSe registraron 10 violaciones al espacio a\u00e9reo liban\u00e9s por las aeronaves israel\u00edes al sobrevolar las zonas del sur liban\u00e9s\u201d, inform\u00f3 el Ej\u00e9rcito liban\u00e9s en un comunicado. Indic\u00f3 la nota que se dio seguimiento al &hellip;<\/p>\n","protected":false},"author":35,"featured_media":152294,"comment_status":"closed","ping_status":"closed","sticky":false,"template":"","format":"standard","meta":{"footnotes":""},"categories":[597,456,7541],"tags":[],"class_list":["post-152293","post","type-post","status-publish","format-standard","has-post-thumbnail","","category-cinta-de-noticias","category-arabe-internacional-politica","category-ultimas-noticias"],"_links":{"self":[{"href":"https:\/\/archive.sana.sy\/es\/index.php?rest_route=\/wp\/v2\/posts\/152293"}],"collection":[{"href":"https:\/\/archive.sana.sy\/es\/index.php?rest_route=\/wp\/v2\/posts"}],"about":[{"href":"https:\/\/archive.sana.sy\/es\/index.php?rest_route=\/wp\/v2\/types\/post"}],"author":[{"embeddable":true,"href":"https:\/\/archive.sana.sy\/es\/index.php?rest_route=\/wp\/v2\/users\/35"}],"replies":[{"embeddable":true,"href":"https:\/\/archive.sana.sy\/es\/index.php?rest_route=%2Fwp%2Fv2%2Fcomments&post=152293"}],"version-history":[{"count":0,"href":"https:\/\/archive.sana.sy\/es\/index.php?rest_route=\/wp\/v2\/posts\/152293\/revisions"}],"wp:featuredmedia":[{"embeddable":true,"href":"https:\/\/archive.sana.sy\/es\/index.php?rest_route=\/wp\/v2\/media\/152294"}],"wp:attachment":[{"href":"https:\/\/archive.sana.sy\/es\/index.php?rest_route=%2Fwp%2Fv2%2Fmedia&parent=152293"}],"wp:term":[{"taxonomy":"category","embeddable":true,"href":"https:\/\/archive.sana.sy\/es\/index.php?rest_route=%2Fwp%2Fv2%2Fcategories&post=152293"},{"taxonomy":"post_tag","embeddable":true,"href":"https:\/\/archive.sana.sy\/es\/index.php?rest_route=%2Fwp%2Fv2%2Ftags&post=152293"}],"curies":[{"name":"wp","href":"https:\/\/api.w.org\/{rel}","templated":true}]}}