{"id":15259,"date":"2014-12-30T22:26:25","date_gmt":"2014-12-30T20:26:25","guid":{"rendered":"http:\/\/www.sana.sy\/es\/?p=15259"},"modified":"2023-01-09T14:10:23","modified_gmt":"2023-01-09T12:10:23","slug":"gobernador-de-homs-la-industria-nacional-es-el-base-para-la-reconstruccion","status":"publish","type":"post","link":"https:\/\/archive.sana.sy\/es\/?p=15259","title":{"rendered":"Gobernador de Homs: La industria nacional es la base para la reconstrucci\u00f3n"},"content":{"rendered":"<p style=\"text-align: justify\"><span style=\"color: #800000\">Homs, SANA<\/span><\/p>\n<p style=\"text-align: justify\">El gobernador de Homs, Talal al-Barazi, dijo el martes que la producci\u00f3n de la medicina no se detuvo durante la crisis a pesar de los ataques cometidos por terroristas contra muchas f\u00e1bricas de medicamentos en Homs.<\/p>\n<p style=\"text-align: justify\">Durante una gira a dos f\u00e1bricas de medicamentos en Homs y la zona industrial de Hassiya, el gobernador Barazi dijo que el pr\u00f3ximo a\u00f1o ser\u00e1 el a\u00f1o de la reconstrucci\u00f3n, y agreg\u00f3 que las industrias nacionales son la base de apoyo a los esfuerzos de reconstrucci\u00f3n.<\/p>\n<p style=\"text-align: justify\">Al- Barazi subray\u00f3 que el movimiento industrial en Hassiya es testigo de un importante desarrollo, como resultado de los esfuerzos gastados por el gobierno para aumentar el apoyo a los inversores y la industria nacional.<\/p>\n<p style=\"text-align: justify\">\n<p style=\"text-align: justify\"><span style=\"color: #0000ff\">Ghifar Al Ali &amp; Riyad Sh.<\/span><\/p>\n","protected":false},"excerpt":{"rendered":"<p>Homs, SANA El gobernador de Homs, Talal al-Barazi, dijo el martes que la producci\u00f3n de la medicina no se detuvo durante la crisis a pesar de los ataques cometidos por terroristas contra muchas f\u00e1bricas de medicamentos en Homs. Durante una gira a dos f\u00e1bricas de medicamentos en Homs y la zona industrial de Hassiya, el &hellip;<\/p>\n","protected":false},"author":1,"featured_media":15260,"comment_status":"closed","ping_status":"closed","sticky":false,"template":"","format":"standard","meta":{"footnotes":""},"categories":[597,476],"tags":[3476],"class_list":["post-15259","post","type-post","status-publish","format-standard","has-post-thumbnail","","category-cinta-de-noticias","category-locales","tag-gobernador-de-homs-la-industria-nacional-es-la-base-para-la-reconstruccion"],"_links":{"self":[{"href":"https:\/\/archive.sana.sy\/es\/index.php?rest_route=\/wp\/v2\/posts\/15259"}],"collection":[{"href":"https:\/\/archive.sana.sy\/es\/index.php?rest_route=\/wp\/v2\/posts"}],"about":[{"href":"https:\/\/archive.sana.sy\/es\/index.php?rest_route=\/wp\/v2\/types\/post"}],"author":[{"embeddable":true,"href":"https:\/\/archive.sana.sy\/es\/index.php?rest_route=\/wp\/v2\/users\/1"}],"replies":[{"embeddable":true,"href":"https:\/\/archive.sana.sy\/es\/index.php?rest_route=%2Fwp%2Fv2%2Fcomments&post=15259"}],"version-history":[{"count":0,"href":"https:\/\/archive.sana.sy\/es\/index.php?rest_route=\/wp\/v2\/posts\/15259\/revisions"}],"wp:featuredmedia":[{"embeddable":true,"href":"https:\/\/archive.sana.sy\/es\/index.php?rest_route=\/wp\/v2\/media\/15260"}],"wp:attachment":[{"href":"https:\/\/archive.sana.sy\/es\/index.php?rest_route=%2Fwp%2Fv2%2Fmedia&parent=15259"}],"wp:term":[{"taxonomy":"category","embeddable":true,"href":"https:\/\/archive.sana.sy\/es\/index.php?rest_route=%2Fwp%2Fv2%2Fcategories&post=15259"},{"taxonomy":"post_tag","embeddable":true,"href":"https:\/\/archive.sana.sy\/es\/index.php?rest_route=%2Fwp%2Fv2%2Ftags&post=15259"}],"curies":[{"name":"wp","href":"https:\/\/api.w.org\/{rel}","templated":true}]}}