{"id":152598,"date":"2020-09-12T21:19:06","date_gmt":"2020-09-12T18:19:06","guid":{"rendered":"http:\/\/sana.sy\/es\/?p=152598"},"modified":"2020-09-12T21:19:06","modified_gmt":"2020-09-12T18:19:06","slug":"alrededor-de-un-millon-de-alumnos-inician-este-domingo-el-curso-escolar-en-ciudad-de-damasco-y-damasco-campo","status":"publish","type":"post","link":"https:\/\/archive.sana.sy\/es\/?p=152598","title":{"rendered":"Alrededor de un mill\u00f3n de alumnos inician este domingo el curso escolar en Ciudad de Damasco y Damasco-campo"},"content":{"rendered":"<p><span style=\"color: #800000;\">Damasco, SANA<\/span><\/p>\n<p style=\"text-align: justify;\">Con el fin de garantizar un entorno sano y seguro para los estudiantes, los departamentos de educaci\u00f3n en las provincias de Ciudad de Damasco y Damasco-campo completaron los preparativos necesarios para el nuevo a\u00f1o escolar.<\/p>\n<p style=\"text-align: justify;\">El Director de Educaci\u00f3n de Damasco, Suleiman Younis, declar\u00f3 a SANA que 587 escuelas est\u00e1n listas ya para recibir a alrededor de 265 mil estudiantes de todos los niveles de ense\u00f1anza.<\/p>\n<p style=\"text-align: justify;\">Revel\u00f3 que 21 mil educadores se encargar\u00e1n del proceso docente, mientras se prepararon bien las cl\u00ednicas escolares.<\/p>\n<p style=\"text-align: justify;\">Mientras tanto, m\u00e1s de mil 400 escuelas en Damasco-campo se preparan para recibir a 725 mil estudiantes y 30 mil profesores, seg\u00fan Maher Faraj, director de educaci\u00f3n provincial.<\/p>\n<p><span style=\"color: #0000ff;\">AH\/FM<\/span><\/p>\n","protected":false},"excerpt":{"rendered":"<p>Damasco, SANA Con el fin de garantizar un entorno sano y seguro para los estudiantes, los departamentos de educaci\u00f3n en las provincias de Ciudad de Damasco y Damasco-campo completaron los preparativos necesarios para el nuevo a\u00f1o escolar. El Director de Educaci\u00f3n de Damasco, Suleiman Younis, declar\u00f3 a SANA que 587 escuelas est\u00e1n listas ya para &hellip;<\/p>\n","protected":false},"author":31,"featured_media":152600,"comment_status":"closed","ping_status":"closed","sticky":false,"template":"","format":"standard","meta":{"footnotes":""},"categories":[597,476,7541],"tags":[],"class_list":["post-152598","post","type-post","status-publish","format-standard","has-post-thumbnail","","category-cinta-de-noticias","category-locales","category-ultimas-noticias"],"_links":{"self":[{"href":"https:\/\/archive.sana.sy\/es\/index.php?rest_route=\/wp\/v2\/posts\/152598"}],"collection":[{"href":"https:\/\/archive.sana.sy\/es\/index.php?rest_route=\/wp\/v2\/posts"}],"about":[{"href":"https:\/\/archive.sana.sy\/es\/index.php?rest_route=\/wp\/v2\/types\/post"}],"author":[{"embeddable":true,"href":"https:\/\/archive.sana.sy\/es\/index.php?rest_route=\/wp\/v2\/users\/31"}],"replies":[{"embeddable":true,"href":"https:\/\/archive.sana.sy\/es\/index.php?rest_route=%2Fwp%2Fv2%2Fcomments&post=152598"}],"version-history":[{"count":0,"href":"https:\/\/archive.sana.sy\/es\/index.php?rest_route=\/wp\/v2\/posts\/152598\/revisions"}],"wp:featuredmedia":[{"embeddable":true,"href":"https:\/\/archive.sana.sy\/es\/index.php?rest_route=\/wp\/v2\/media\/152600"}],"wp:attachment":[{"href":"https:\/\/archive.sana.sy\/es\/index.php?rest_route=%2Fwp%2Fv2%2Fmedia&parent=152598"}],"wp:term":[{"taxonomy":"category","embeddable":true,"href":"https:\/\/archive.sana.sy\/es\/index.php?rest_route=%2Fwp%2Fv2%2Fcategories&post=152598"},{"taxonomy":"post_tag","embeddable":true,"href":"https:\/\/archive.sana.sy\/es\/index.php?rest_route=%2Fwp%2Fv2%2Ftags&post=152598"}],"curies":[{"name":"wp","href":"https:\/\/api.w.org\/{rel}","templated":true}]}}