{"id":152605,"date":"2020-09-12T21:33:23","date_gmt":"2020-09-12T18:33:23","guid":{"rendered":"http:\/\/sana.sy\/es\/?p=152605"},"modified":"2020-09-12T21:37:10","modified_gmt":"2020-09-12T18:37:10","slug":"eeuu-ingresa-armas-y-materiales-logisticos-a-sus-ilegales-bases-en-hasakeh","status":"publish","type":"post","link":"https:\/\/archive.sana.sy\/es\/?p=152605","title":{"rendered":"EE.UU. ingresa armas y materiales log\u00edsticos a sus ilegales bases en Hasakeh"},"content":{"rendered":"<p><span style=\"color: #800000;\">Hasakeh, SANA<\/span><\/p>\n<p style=\"text-align: justify;\">Las fuerzas de la ocupaci\u00f3n estadounidense introdujeron este s\u00e1bado un convoy de equipos militares y log\u00edsticos a sus bases ilegales en la provincia siria nororiental de Hasakeh.<\/p>\n<p style=\"text-align: justify;\">Activistas locales informaron que una columna de 65 veh\u00edculos y camiones refrigerados entr\u00f3 en Siria procedentes de Iraq a trav\u00e9s del cruce fronterizo ilegal \u201cAl-Walid\u201d.<\/p>\n<p style=\"text-align: justify;\">\u201cEl convoy fue protegido por veh\u00edculos blindados y se dirigi\u00f3 hacia las bases ilegales estadounidenses en la regi\u00f3n de al-Jazira, en Hasakeh\u201d, detallaron.<\/p>\n<p style=\"text-align: justify;\">En la v\u00edspera, activistas locales citados por el corresponsal de SANA, informaron que un convoy de 40 veh\u00edculos entr\u00f3 en el territorio sirio procedentes de Iraq, y estaba protegido por la aviaci\u00f3n del ocupante estadounidense que peinaba la zona antes y durante el paso del convoy en las \u00e1reas bajo dominio de la milicia mercenaria FDS.<\/p>\n<p style=\"text-align: justify;\">Durante los \u00faltimos meses, el ocupante estadounidense introdujo miles de camiones cargados con armas y equipamiento militar y log\u00edstico a la provincia de Hasakeh a trav\u00e9s del paso ilegal de Walid en la frontera con Iraq para reforzar su presencia ilegal en la regi\u00f3n de Al-Jazeera y para saquear el petr\u00f3leo sirio y otros recursos naturales del pa\u00eds.<\/p>\n<p><span style=\"color: #0000ff;\">RR\/RSH\/FM<\/span><\/p>\n","protected":false},"excerpt":{"rendered":"<p>Hasakeh, SANA Las fuerzas de la ocupaci\u00f3n estadounidense introdujeron este s\u00e1bado un convoy de equipos militares y log\u00edsticos a sus bases ilegales en la provincia siria nororiental de Hasakeh. Activistas locales informaron que una columna de 65 veh\u00edculos y camiones refrigerados entr\u00f3 en Siria procedentes de Iraq a trav\u00e9s del cruce fronterizo ilegal \u201cAl-Walid\u201d. \u201cEl &hellip;<\/p>\n","protected":false},"author":31,"featured_media":152606,"comment_status":"closed","ping_status":"closed","sticky":false,"template":"","format":"standard","meta":{"footnotes":""},"categories":[597,573,7541],"tags":[],"class_list":["post-152605","post","type-post","status-publish","format-standard","has-post-thumbnail","","category-cinta-de-noticias","category-la-realidad-de-los-acontecimientos-en-siria","category-ultimas-noticias"],"_links":{"self":[{"href":"https:\/\/archive.sana.sy\/es\/index.php?rest_route=\/wp\/v2\/posts\/152605"}],"collection":[{"href":"https:\/\/archive.sana.sy\/es\/index.php?rest_route=\/wp\/v2\/posts"}],"about":[{"href":"https:\/\/archive.sana.sy\/es\/index.php?rest_route=\/wp\/v2\/types\/post"}],"author":[{"embeddable":true,"href":"https:\/\/archive.sana.sy\/es\/index.php?rest_route=\/wp\/v2\/users\/31"}],"replies":[{"embeddable":true,"href":"https:\/\/archive.sana.sy\/es\/index.php?rest_route=%2Fwp%2Fv2%2Fcomments&post=152605"}],"version-history":[{"count":0,"href":"https:\/\/archive.sana.sy\/es\/index.php?rest_route=\/wp\/v2\/posts\/152605\/revisions"}],"wp:featuredmedia":[{"embeddable":true,"href":"https:\/\/archive.sana.sy\/es\/index.php?rest_route=\/wp\/v2\/media\/152606"}],"wp:attachment":[{"href":"https:\/\/archive.sana.sy\/es\/index.php?rest_route=%2Fwp%2Fv2%2Fmedia&parent=152605"}],"wp:term":[{"taxonomy":"category","embeddable":true,"href":"https:\/\/archive.sana.sy\/es\/index.php?rest_route=%2Fwp%2Fv2%2Fcategories&post=152605"},{"taxonomy":"post_tag","embeddable":true,"href":"https:\/\/archive.sana.sy\/es\/index.php?rest_route=%2Fwp%2Fv2%2Ftags&post=152605"}],"curies":[{"name":"wp","href":"https:\/\/api.w.org\/{rel}","templated":true}]}}