{"id":152613,"date":"2020-09-12T22:01:45","date_gmt":"2020-09-12T19:01:45","guid":{"rendered":"http:\/\/sana.sy\/es\/?p=152613"},"modified":"2020-09-12T22:01:45","modified_gmt":"2020-09-12T19:01:45","slug":"confirman-30-nuevos-casos-de-covid-19-en-siria","status":"publish","type":"post","link":"https:\/\/archive.sana.sy\/es\/?p=152613","title":{"rendered":"Confirman 30 nuevos casos de Covid-19 en Siria"},"content":{"rendered":"<p><span style=\"color: #800000;\">Damasco, SANA<\/span><\/p>\n<p style=\"text-align: justify;\">\u201cEn las \u00faltimas 24 horas, se confirmaron 30 nuevos casos de nuevo Coronavirus y la cifra total lleg\u00f3 a tres mil 506, con la mayor\u00eda de los casos detectados en Alepo (20) y Damasco (5)\u201d, inform\u00f3 un comunicado del Ministerio de Salud de Siria.<\/p>\n<p style=\"text-align: justify;\">L anota agreg\u00f3 que el acumulado de recuperados subi\u00f3 a 827 tras dar de alta m\u00e9dica a 15 pacientes, mientras los fallecidos suman 152, tras la muerte de dos pacientes.<\/p>\n<p style=\"text-align: justify;\">Las autoridades sirias de salud reportaron el primer caso de Covid-19 el d\u00eda 22 de marzo \u00faltimo, as\u00ed como denunciaron que el bloqueo y las sanciones impuestas por Estados Unidos y sus aliados en Occidente, afectan el enfrentamiento a esa pandemia.<\/p>\n<p><span style=\"color: #0000ff;\">FM\/RR<\/span><\/p>\n","protected":false},"excerpt":{"rendered":"<p>Damasco, SANA \u201cEn las \u00faltimas 24 horas, se confirmaron 30 nuevos casos de nuevo Coronavirus y la cifra total lleg\u00f3 a tres mil 506, con la mayor\u00eda de los casos detectados en Alepo (20) y Damasco (5)\u201d, inform\u00f3 un comunicado del Ministerio de Salud de Siria. L anota agreg\u00f3 que el acumulado de recuperados subi\u00f3 &hellip;<\/p>\n","protected":false},"author":31,"featured_media":152614,"comment_status":"closed","ping_status":"closed","sticky":false,"template":"","format":"standard","meta":{"footnotes":""},"categories":[597,476,7541],"tags":[],"class_list":["post-152613","post","type-post","status-publish","format-standard","has-post-thumbnail","","category-cinta-de-noticias","category-locales","category-ultimas-noticias"],"_links":{"self":[{"href":"https:\/\/archive.sana.sy\/es\/index.php?rest_route=\/wp\/v2\/posts\/152613"}],"collection":[{"href":"https:\/\/archive.sana.sy\/es\/index.php?rest_route=\/wp\/v2\/posts"}],"about":[{"href":"https:\/\/archive.sana.sy\/es\/index.php?rest_route=\/wp\/v2\/types\/post"}],"author":[{"embeddable":true,"href":"https:\/\/archive.sana.sy\/es\/index.php?rest_route=\/wp\/v2\/users\/31"}],"replies":[{"embeddable":true,"href":"https:\/\/archive.sana.sy\/es\/index.php?rest_route=%2Fwp%2Fv2%2Fcomments&post=152613"}],"version-history":[{"count":0,"href":"https:\/\/archive.sana.sy\/es\/index.php?rest_route=\/wp\/v2\/posts\/152613\/revisions"}],"wp:featuredmedia":[{"embeddable":true,"href":"https:\/\/archive.sana.sy\/es\/index.php?rest_route=\/wp\/v2\/media\/152614"}],"wp:attachment":[{"href":"https:\/\/archive.sana.sy\/es\/index.php?rest_route=%2Fwp%2Fv2%2Fmedia&parent=152613"}],"wp:term":[{"taxonomy":"category","embeddable":true,"href":"https:\/\/archive.sana.sy\/es\/index.php?rest_route=%2Fwp%2Fv2%2Fcategories&post=152613"},{"taxonomy":"post_tag","embeddable":true,"href":"https:\/\/archive.sana.sy\/es\/index.php?rest_route=%2Fwp%2Fv2%2Ftags&post=152613"}],"curies":[{"name":"wp","href":"https:\/\/api.w.org\/{rel}","templated":true}]}}