{"id":152616,"date":"2020-09-12T22:40:47","date_gmt":"2020-09-12T19:40:47","guid":{"rendered":"http:\/\/sana.sy\/es\/?p=152616"},"modified":"2023-01-12T14:43:14","modified_gmt":"2023-01-12T12:43:14","slug":"policia-iraqui-arresta-a-5-terroristas-de-daesh-en-ninive","status":"publish","type":"post","link":"https:\/\/archive.sana.sy\/es\/?p=152616","title":{"rendered":"Polic\u00eda iraqu\u00ed arresta a 5 terroristas de Daesh en N\u00ednive"},"content":{"rendered":"<p><span style=\"color: #800000;\">Bagdad, SANA<\/span><\/p>\n<p style=\"text-align: justify;\">Cinco terroristas de la organizaci\u00f3n de Daesh fueron arrestados este s\u00e1bado en la provincia de N\u00ednive, al norte de Iraq, anunci\u00f3 la polic\u00eda iraqu\u00ed.<\/p>\n<p style=\"text-align: justify;\">\u201cEl Comando de Polic\u00eda de N\u00ednive logr\u00f3, despu\u00e9s de recibir informaci\u00f3n de inteligencia, arrestar a cinco terroristas de Daesh\u201d, cit\u00f3 el portal informativo iraqu\u00ed \u201cAlsumaria\u201d al jefe de polic\u00eda de N\u00ednive, general de brigada Laith Khalil Al-Hamdani.<\/p>\n<p style=\"text-align: justify;\">En la v\u00edspera, las fuerzas de seguridad iraqu\u00edes arrestaron tambi\u00e9n a dos c\u00e9lulas terroristas en la gobernaci\u00f3n de N\u00ednive.<\/p>\n<p><span style=\"color: #0000ff;\">RR\/FM<\/span><\/p>\n","protected":false},"excerpt":{"rendered":"<p>Bagdad, SANA Cinco terroristas de la organizaci\u00f3n de Daesh fueron arrestados este s\u00e1bado en la provincia de N\u00ednive, al norte de Iraq, anunci\u00f3 la polic\u00eda iraqu\u00ed. \u201cEl Comando de Polic\u00eda de N\u00ednive logr\u00f3, despu\u00e9s de recibir informaci\u00f3n de inteligencia, arrestar a cinco terroristas de Daesh\u201d, cit\u00f3 el portal informativo iraqu\u00ed \u201cAlsumaria\u201d al jefe de polic\u00eda &hellip;<\/p>\n","protected":false},"author":31,"featured_media":152617,"comment_status":"closed","ping_status":"closed","sticky":false,"template":"","format":"standard","meta":{"footnotes":""},"categories":[597,456],"tags":[],"class_list":["post-152616","post","type-post","status-publish","format-standard","has-post-thumbnail","","category-cinta-de-noticias","category-arabe-internacional-politica"],"_links":{"self":[{"href":"https:\/\/archive.sana.sy\/es\/index.php?rest_route=\/wp\/v2\/posts\/152616"}],"collection":[{"href":"https:\/\/archive.sana.sy\/es\/index.php?rest_route=\/wp\/v2\/posts"}],"about":[{"href":"https:\/\/archive.sana.sy\/es\/index.php?rest_route=\/wp\/v2\/types\/post"}],"author":[{"embeddable":true,"href":"https:\/\/archive.sana.sy\/es\/index.php?rest_route=\/wp\/v2\/users\/31"}],"replies":[{"embeddable":true,"href":"https:\/\/archive.sana.sy\/es\/index.php?rest_route=%2Fwp%2Fv2%2Fcomments&post=152616"}],"version-history":[{"count":0,"href":"https:\/\/archive.sana.sy\/es\/index.php?rest_route=\/wp\/v2\/posts\/152616\/revisions"}],"wp:featuredmedia":[{"embeddable":true,"href":"https:\/\/archive.sana.sy\/es\/index.php?rest_route=\/wp\/v2\/media\/152617"}],"wp:attachment":[{"href":"https:\/\/archive.sana.sy\/es\/index.php?rest_route=%2Fwp%2Fv2%2Fmedia&parent=152616"}],"wp:term":[{"taxonomy":"category","embeddable":true,"href":"https:\/\/archive.sana.sy\/es\/index.php?rest_route=%2Fwp%2Fv2%2Fcategories&post=152616"},{"taxonomy":"post_tag","embeddable":true,"href":"https:\/\/archive.sana.sy\/es\/index.php?rest_route=%2Fwp%2Fv2%2Ftags&post=152616"}],"curies":[{"name":"wp","href":"https:\/\/api.w.org\/{rel}","templated":true}]}}