{"id":152619,"date":"2020-09-12T22:55:11","date_gmt":"2020-09-12T19:55:11","guid":{"rendered":"http:\/\/sana.sy\/es\/?p=152619"},"modified":"2020-09-12T22:55:11","modified_gmt":"2020-09-12T19:55:11","slug":"ocupante-turco-bombardea-dos-pueblos-al-norte-de-alepo","status":"publish","type":"post","link":"https:\/\/archive.sana.sy\/es\/?p=152619","title":{"rendered":"Ocupante turco bombardea dos pueblos al norte de Alepo"},"content":{"rendered":"<p><span style=\"color: #800000;\">Alepo, SANA <\/span><\/p>\n<p style=\"text-align: justify;\">Las fuerzas de la ocupaci\u00f3n turca atacaron este s\u00e1bado los pueblos de Aquibeh y Sawaghieh en el norte de Alepo, a 310 km de la capital Damasco.<\/p>\n<p style=\"text-align: justify;\">El corresponsal de SANA inform\u00f3 que el ocupante turco lanz\u00f3 varios proyectiles contra las viviendas de dichos pueblos, lo que provoc\u00f3 da\u00f1os materiales en las propiedades de los residentes y en las instalaciones p\u00fablicas.<\/p>\n<p style=\"text-align: justify;\">La ocupaci\u00f3n turca y sus mercenarios atacan repetidamente con cohetes las zonas vecinas.<\/p>\n<p style=\"text-align: justify;\"><span style=\"color: #0000ff;\">RR\/RSH<\/span><\/p>\n","protected":false},"excerpt":{"rendered":"<p>Alepo, SANA Las fuerzas de la ocupaci\u00f3n turca atacaron este s\u00e1bado los pueblos de Aquibeh y Sawaghieh en el norte de Alepo, a 310 km de la capital Damasco. El corresponsal de SANA inform\u00f3 que el ocupante turco lanz\u00f3 varios proyectiles contra las viviendas de dichos pueblos, lo que provoc\u00f3 da\u00f1os materiales en las propiedades &hellip;<\/p>\n","protected":false},"author":31,"featured_media":152620,"comment_status":"closed","ping_status":"closed","sticky":false,"template":"","format":"standard","meta":{"footnotes":""},"categories":[597,573,7541],"tags":[],"class_list":["post-152619","post","type-post","status-publish","format-standard","has-post-thumbnail","","category-cinta-de-noticias","category-la-realidad-de-los-acontecimientos-en-siria","category-ultimas-noticias"],"_links":{"self":[{"href":"https:\/\/archive.sana.sy\/es\/index.php?rest_route=\/wp\/v2\/posts\/152619"}],"collection":[{"href":"https:\/\/archive.sana.sy\/es\/index.php?rest_route=\/wp\/v2\/posts"}],"about":[{"href":"https:\/\/archive.sana.sy\/es\/index.php?rest_route=\/wp\/v2\/types\/post"}],"author":[{"embeddable":true,"href":"https:\/\/archive.sana.sy\/es\/index.php?rest_route=\/wp\/v2\/users\/31"}],"replies":[{"embeddable":true,"href":"https:\/\/archive.sana.sy\/es\/index.php?rest_route=%2Fwp%2Fv2%2Fcomments&post=152619"}],"version-history":[{"count":0,"href":"https:\/\/archive.sana.sy\/es\/index.php?rest_route=\/wp\/v2\/posts\/152619\/revisions"}],"wp:featuredmedia":[{"embeddable":true,"href":"https:\/\/archive.sana.sy\/es\/index.php?rest_route=\/wp\/v2\/media\/152620"}],"wp:attachment":[{"href":"https:\/\/archive.sana.sy\/es\/index.php?rest_route=%2Fwp%2Fv2%2Fmedia&parent=152619"}],"wp:term":[{"taxonomy":"category","embeddable":true,"href":"https:\/\/archive.sana.sy\/es\/index.php?rest_route=%2Fwp%2Fv2%2Fcategories&post=152619"},{"taxonomy":"post_tag","embeddable":true,"href":"https:\/\/archive.sana.sy\/es\/index.php?rest_route=%2Fwp%2Fv2%2Ftags&post=152619"}],"curies":[{"name":"wp","href":"https:\/\/api.w.org\/{rel}","templated":true}]}}