{"id":152624,"date":"2020-09-13T08:10:17","date_gmt":"2020-09-13T05:10:17","guid":{"rendered":"http:\/\/sana.sy\/es\/?p=152624"},"modified":"2023-01-10T14:31:48","modified_gmt":"2023-01-10T12:31:48","slug":"inicia-el-curso-escolar-en-siria-donde-tres-millones-800-mil-alumnos-se-dirigieron-a-13-mil-280-escuelas","status":"publish","type":"post","link":"https:\/\/archive.sana.sy\/es\/?p=152624","title":{"rendered":"Inicia el curso escolar en Siria, donde tres millones 800 mil alumnos se dirigieron a 13 mil 280 escuelas"},"content":{"rendered":"<p><span style=\"color: #800000;\"><strong>Provincias, SANA<\/strong><\/span><\/p>\n<p>Unas 13 mil 280 escuelas reabrieron sus puertas para recibir a tres millones 800 mil alumnos en las diferentes provincias del pa\u00eds.<\/p>\n<p>De acuerdo al ministerio de Educaci\u00f3n, se tomaron todas las medidas para la aplicaci\u00f3n del protocolo de salud para proteger a los educandos de la pandemia del nuevo Coronavirus.<\/p>\n<p>Asimismo, unos 160 m\u00e9dicos se sometieron a cursos de capacitaci\u00f3n para tratar con los casos del nuevo Coronavirus.<\/p>\n<p>&nbsp;<\/p>\n<div id='gallery-1' class='gallery galleryid-152624 gallery-columns-1 gallery-size-full'><figure class='gallery-item'>\n\t\t\t<div class='gallery-icon landscape'>\n\t\t\t\t<a href='https:\/\/archive.sana.sy\/es\/wp-content\/uploads\/2020\/09\/photo_2020-09-13_09-02-00-2.jpg'><img loading=\"lazy\" decoding=\"async\" width=\"1280\" height=\"854\" src=\"https:\/\/archive.sana.sy\/es\/wp-content\/uploads\/2020\/09\/photo_2020-09-13_09-02-00-2.jpg\" class=\"attachment-full size-full\" alt=\"\" srcset=\"https:\/\/archive.sana.sy\/es\/wp-content\/uploads\/2020\/09\/photo_2020-09-13_09-02-00-2.jpg 1280w, https:\/\/archive.sana.sy\/es\/wp-content\/uploads\/2020\/09\/photo_2020-09-13_09-02-00-2-300x200.jpg 300w, https:\/\/archive.sana.sy\/es\/wp-content\/uploads\/2020\/09\/photo_2020-09-13_09-02-00-2-1024x683.jpg 1024w, https:\/\/archive.sana.sy\/es\/wp-content\/uploads\/2020\/09\/photo_2020-09-13_09-02-00-2-150x100.jpg 150w, https:\/\/archive.sana.sy\/es\/wp-content\/uploads\/2020\/09\/photo_2020-09-13_09-02-00-2-768x512.jpg 768w\" sizes=\"(max-width: 1280px) 100vw, 1280px\" \/><\/a>\n\t\t\t<\/div><\/figure><figure class='gallery-item'>\n\t\t\t<div class='gallery-icon landscape'>\n\t\t\t\t<a href='https:\/\/archive.sana.sy\/es\/wp-content\/uploads\/2020\/09\/photo_2020-09-13_09-02-01.jpg'><img loading=\"lazy\" decoding=\"async\" width=\"1280\" height=\"854\" src=\"https:\/\/archive.sana.sy\/es\/wp-content\/uploads\/2020\/09\/photo_2020-09-13_09-02-01.jpg\" class=\"attachment-full size-full\" alt=\"\" srcset=\"https:\/\/archive.sana.sy\/es\/wp-content\/uploads\/2020\/09\/photo_2020-09-13_09-02-01.jpg 1280w, https:\/\/archive.sana.sy\/es\/wp-content\/uploads\/2020\/09\/photo_2020-09-13_09-02-01-300x200.jpg 300w, https:\/\/archive.sana.sy\/es\/wp-content\/uploads\/2020\/09\/photo_2020-09-13_09-02-01-1024x683.jpg 1024w, https:\/\/archive.sana.sy\/es\/wp-content\/uploads\/2020\/09\/photo_2020-09-13_09-02-01-150x100.jpg 150w, https:\/\/archive.sana.sy\/es\/wp-content\/uploads\/2020\/09\/photo_2020-09-13_09-02-01-768x512.jpg 768w\" sizes=\"(max-width: 1280px) 100vw, 1280px\" \/><\/a>\n\t\t\t<\/div><\/figure><figure class='gallery-item'>\n\t\t\t<div class='gallery-icon landscape'>\n\t\t\t\t<a href='https:\/\/archive.sana.sy\/es\/wp-content\/uploads\/2020\/09\/photo_2020-09-13_09-02-03.jpg'><img loading=\"lazy\" decoding=\"async\" width=\"1280\" height=\"854\" src=\"https:\/\/archive.sana.sy\/es\/wp-content\/uploads\/2020\/09\/photo_2020-09-13_09-02-03.jpg\" class=\"attachment-full size-full\" alt=\"\" srcset=\"https:\/\/archive.sana.sy\/es\/wp-content\/uploads\/2020\/09\/photo_2020-09-13_09-02-03.jpg 1280w, https:\/\/archive.sana.sy\/es\/wp-content\/uploads\/2020\/09\/photo_2020-09-13_09-02-03-300x200.jpg 300w, https:\/\/archive.sana.sy\/es\/wp-content\/uploads\/2020\/09\/photo_2020-09-13_09-02-03-1024x683.jpg 1024w, https:\/\/archive.sana.sy\/es\/wp-content\/uploads\/2020\/09\/photo_2020-09-13_09-02-03-150x100.jpg 150w, https:\/\/archive.sana.sy\/es\/wp-content\/uploads\/2020\/09\/photo_2020-09-13_09-02-03-768x512.jpg 768w\" sizes=\"(max-width: 1280px) 100vw, 1280px\" \/><\/a>\n\t\t\t<\/div><\/figure><figure class='gallery-item'>\n\t\t\t<div class='gallery-icon landscape'>\n\t\t\t\t<a href='https:\/\/archive.sana.sy\/es\/wp-content\/uploads\/2020\/09\/photo_2020-09-13_09-02-04.jpg'><img loading=\"lazy\" decoding=\"async\" width=\"1280\" height=\"854\" src=\"https:\/\/archive.sana.sy\/es\/wp-content\/uploads\/2020\/09\/photo_2020-09-13_09-02-04.jpg\" class=\"attachment-full size-full\" alt=\"\" srcset=\"https:\/\/archive.sana.sy\/es\/wp-content\/uploads\/2020\/09\/photo_2020-09-13_09-02-04.jpg 1280w, https:\/\/archive.sana.sy\/es\/wp-content\/uploads\/2020\/09\/photo_2020-09-13_09-02-04-300x200.jpg 300w, https:\/\/archive.sana.sy\/es\/wp-content\/uploads\/2020\/09\/photo_2020-09-13_09-02-04-1024x683.jpg 1024w, https:\/\/archive.sana.sy\/es\/wp-content\/uploads\/2020\/09\/photo_2020-09-13_09-02-04-150x100.jpg 150w, https:\/\/archive.sana.sy\/es\/wp-content\/uploads\/2020\/09\/photo_2020-09-13_09-02-04-768x512.jpg 768w\" sizes=\"(max-width: 1280px) 100vw, 1280px\" \/><\/a>\n\t\t\t<\/div><\/figure>\n\t\t<\/div>\n\n","protected":false},"excerpt":{"rendered":"<p>Provincias, SANA Unas 13 mil 280 escuelas reabrieron sus puertas para recibir a tres millones 800 mil alumnos en las diferentes provincias del pa\u00eds. De acuerdo al ministerio de Educaci\u00f3n, se tomaron todas las medidas para la aplicaci\u00f3n del protocolo de salud para proteger a los educandos de la pandemia del nuevo Coronavirus. Asimismo, unos &hellip;<\/p>\n","protected":false},"author":34,"featured_media":152625,"comment_status":"closed","ping_status":"closed","sticky":false,"template":"","format":"standard","meta":{"footnotes":""},"categories":[447,597,573,476,583],"tags":[],"class_list":["post-152624","post","type-post","status-publish","format-standard","has-post-thumbnail","","category-local-politica","category-cinta-de-noticias","category-la-realidad-de-los-acontecimientos-en-siria","category-locales","category-slide"],"_links":{"self":[{"href":"https:\/\/archive.sana.sy\/es\/index.php?rest_route=\/wp\/v2\/posts\/152624"}],"collection":[{"href":"https:\/\/archive.sana.sy\/es\/index.php?rest_route=\/wp\/v2\/posts"}],"about":[{"href":"https:\/\/archive.sana.sy\/es\/index.php?rest_route=\/wp\/v2\/types\/post"}],"author":[{"embeddable":true,"href":"https:\/\/archive.sana.sy\/es\/index.php?rest_route=\/wp\/v2\/users\/34"}],"replies":[{"embeddable":true,"href":"https:\/\/archive.sana.sy\/es\/index.php?rest_route=%2Fwp%2Fv2%2Fcomments&post=152624"}],"version-history":[{"count":0,"href":"https:\/\/archive.sana.sy\/es\/index.php?rest_route=\/wp\/v2\/posts\/152624\/revisions"}],"wp:featuredmedia":[{"embeddable":true,"href":"https:\/\/archive.sana.sy\/es\/index.php?rest_route=\/wp\/v2\/media\/152625"}],"wp:attachment":[{"href":"https:\/\/archive.sana.sy\/es\/index.php?rest_route=%2Fwp%2Fv2%2Fmedia&parent=152624"}],"wp:term":[{"taxonomy":"category","embeddable":true,"href":"https:\/\/archive.sana.sy\/es\/index.php?rest_route=%2Fwp%2Fv2%2Fcategories&post=152624"},{"taxonomy":"post_tag","embeddable":true,"href":"https:\/\/archive.sana.sy\/es\/index.php?rest_route=%2Fwp%2Fv2%2Ftags&post=152624"}],"curies":[{"name":"wp","href":"https:\/\/api.w.org\/{rel}","templated":true}]}}