{"id":152642,"date":"2020-09-13T10:07:03","date_gmt":"2020-09-13T07:07:03","guid":{"rendered":"http:\/\/sana.sy\/es\/?p=152642"},"modified":"2023-01-10T15:34:19","modified_gmt":"2023-01-10T13:34:19","slug":"titulares-de-la-prensa-nacional-siria-de-hoy-domingo-13-de-septiembre","status":"publish","type":"post","link":"https:\/\/archive.sana.sy\/es\/?p=152642","title":{"rendered":"Titulares de la prensa nacional siria de hoy domingo, 13 de septiembre"},"content":{"rendered":"<p><span style=\"color: #800000;\"><strong>Damasco, SANA<\/strong><\/span><\/p>\n<p><strong>Los principales diarios y medios de comunicaci\u00f3n sirios destacaron los siguientes titulares del \u00e1mbito nacional e internacional:<\/strong><\/p>\n<p><strong><span style=\"color: #0000ff;\">Internacionales<\/span><\/strong><\/p>\n<p>&#8211; Ocupante turco bombardea dos pueblos al norte de Alepo.<\/p>\n<p>&#8211; Washington es responsable de los atentados terroristas contra Cuba en \u00faltimos a\u00f1os.<\/p>\n<p>&#8211; Polic\u00eda iraqu\u00ed arresta a 5 terroristas de Daesh en N\u00ednive.<\/p>\n<p>&#8211; Caza ruso intercepta dos aviones de reconocimiento de EEUU sobre el Mar Negro.<\/p>\n<p>&#8211; Ej\u00e9rcito iraqu\u00ed abate a cabecillas del Daesh en Samarra.<\/p>\n<p>&#8211; Una explosi\u00f3n contra un convoy de las fuerzas estadounidenses en Iraq.<\/p>\n<p>&#8211; La cifra diaria de contagios por Covid-19 en Siria se reduce a la mitad.<\/p>\n<p>&#8211; Medio mill\u00f3n de estadounidenses se preparan para una evacuaci\u00f3n masiva en Oregon debido a los incendios.<\/p>\n<p>&#8211; Unas 185 nuevas violaciones al alto el fuego en Hodeidah, Yemen.<\/p>\n<p>&#8211; Una pel\u00edcula estadounidense de un director chino gana el premio del Festival de Cine de Venecia.<\/p>\n<p>&#8211; Las infecciones por nuevo Coronavirus en Estados Unidos superan los seis millones 657 mil y las muertes se acercan a las 198 mil.<br \/>\n&#8211; Extinguen dos incendios que se produjeron en el municipio de Drekish en provincia de Tartous.<\/p>\n<p>&#8211; M\u00e1s de diez mil nuevos casos de Coronavirus en Francia y 255 nuevos contagios en Argelia.<\/p>\n<p>&#8211; El r\u00e9gimen turco arresta a 26 personas como parte de sus campa\u00f1as para reprimir a sus opositores.<\/p>\n<p>&#8211; La polic\u00eda francesa dispara gases lacrim\u00f3genos y arresta a decenas de manifestantes de chalecos amarillos en la<\/p>\n<p>apital, Par\u00eds.<\/p>\n<p>&#8211; Seis personas pierden la vida de T\u00fanez por los torrentes.<\/p>\n<p>&#8211; Naciones Unidas advierte de un aumento del n\u00famero de personas que padecen hambre en el mundo.<\/p>\n<p>&#8211; Los manifestantes libaneses exigen rendici\u00f3n de cuentas de los responsables de la explosi\u00f3n del puerto de Beirut.<\/p>\n<p>&#8211; La aviaci\u00f3n saudita sigue bombardeando zonas residenciales en Yemen.<\/p>\n<p><strong><span style=\"color: #0000ff;\">Nacionales<\/span><\/strong><\/p>\n<p>&#8211; Siria lista para el inicio del curso escolar, alrededor de cuatro millones de estudiantes se dirigen a las escuelas.<\/p>\n<p>&#8211; Arnous visita zonas afectadas por los incendios en provincia de Hama y pide intensificar planes de reforestaci\u00f3n e<\/p>\n<p>mpulsar el sector agr\u00edcola.<\/p>\n<p>&#8211; Alrededor de un mill\u00f3n de alumnos inician este domingo el curso escolar en Ciudad de Damasco y Damasco-<\/p>\n<p>ampo.<\/p>\n<p>&#8211; Ir\u00e1n destaca necesidad de salida de las fuerzas extranjeras presentes ilegalmente en Siria.<\/p>\n<p>&#8211; Confirman 30 nuevos casos de Covid-19 en Siria.<\/p>\n<p>&#8211; Investigador sirio gana el mayor premio de innovaci\u00f3n de Suecia.<\/p>\n<p>&#8211; EE.UU. ingresa armas y materiales log\u00edsticos a sus ilegales bases en Hasakeh.<\/p>\n<p>&#8211; Muere un armado de la milicia FDS en ataque en provincia de Deir Ezzor.<\/p>\n<p>&#8211; Cuatro muertos y cinco heridos en atentado en el norte de Siria.<\/p>\n<p><span style=\"color: #0000ff;\"><strong>fm\/ws<\/strong><\/span><\/p>\n","protected":false},"excerpt":{"rendered":"<p>Damasco, SANA Los principales diarios y medios de comunicaci\u00f3n sirios destacaron los siguientes titulares del \u00e1mbito nacional e internacional: Internacionales &#8211; Ocupante turco bombardea dos pueblos al norte de Alepo. &#8211; Washington es responsable de los atentados terroristas contra Cuba en \u00faltimos a\u00f1os. &#8211; Polic\u00eda iraqu\u00ed arresta a 5 terroristas de Daesh en N\u00ednive. &#8211; &hellip;<\/p>\n","protected":false},"author":35,"featured_media":152643,"comment_status":"closed","ping_status":"closed","sticky":false,"template":"","format":"standard","meta":{"footnotes":""},"categories":[447,555,597,7541],"tags":[],"class_list":["post-152642","post","type-post","status-publish","format-standard","has-post-thumbnail","","category-local-politica","category-prensa","category-cinta-de-noticias","category-ultimas-noticias"],"_links":{"self":[{"href":"https:\/\/archive.sana.sy\/es\/index.php?rest_route=\/wp\/v2\/posts\/152642"}],"collection":[{"href":"https:\/\/archive.sana.sy\/es\/index.php?rest_route=\/wp\/v2\/posts"}],"about":[{"href":"https:\/\/archive.sana.sy\/es\/index.php?rest_route=\/wp\/v2\/types\/post"}],"author":[{"embeddable":true,"href":"https:\/\/archive.sana.sy\/es\/index.php?rest_route=\/wp\/v2\/users\/35"}],"replies":[{"embeddable":true,"href":"https:\/\/archive.sana.sy\/es\/index.php?rest_route=%2Fwp%2Fv2%2Fcomments&post=152642"}],"version-history":[{"count":0,"href":"https:\/\/archive.sana.sy\/es\/index.php?rest_route=\/wp\/v2\/posts\/152642\/revisions"}],"wp:featuredmedia":[{"embeddable":true,"href":"https:\/\/archive.sana.sy\/es\/index.php?rest_route=\/wp\/v2\/media\/152643"}],"wp:attachment":[{"href":"https:\/\/archive.sana.sy\/es\/index.php?rest_route=%2Fwp%2Fv2%2Fmedia&parent=152642"}],"wp:term":[{"taxonomy":"category","embeddable":true,"href":"https:\/\/archive.sana.sy\/es\/index.php?rest_route=%2Fwp%2Fv2%2Fcategories&post=152642"},{"taxonomy":"post_tag","embeddable":true,"href":"https:\/\/archive.sana.sy\/es\/index.php?rest_route=%2Fwp%2Fv2%2Ftags&post=152642"}],"curies":[{"name":"wp","href":"https:\/\/api.w.org\/{rel}","templated":true}]}}