{"id":152927,"date":"2020-09-15T20:43:03","date_gmt":"2020-09-15T17:43:03","guid":{"rendered":"http:\/\/sana.sy\/es\/?p=152927"},"modified":"2023-01-12T14:43:12","modified_gmt":"2023-01-12T12:43:12","slug":"la-agresion-saudi-intensifica-sus-bombardeos-sobre-yemen","status":"publish","type":"post","link":"https:\/\/archive.sana.sy\/es\/?p=152927","title":{"rendered":"La agresi\u00f3n saud\u00ed intensifica sus bombardeos sobre Yemen"},"content":{"rendered":"<p><span style=\"color: #800000;\">San\u00e1, SANA<\/span><\/p>\n<p style=\"text-align: justify;\">Las fuerzas de agresi\u00f3n saudita contra Yemen bombardearon con m\u00e1s de 23 proyectiles de artiller\u00eda la ciudad sitiada de Ad Durayhimi en la gobernaci\u00f3n de Hodeida, al oeste de Yemen, durante las \u00faltimas 24 horas.<\/p>\n<p style=\"text-align: justify;\">De acuerdo con el portal informativo de Al-Masirah, &#8220;las fuerzas agresoras han atacado intensamente el \u00e1rea de Kilo 16 con diferentes tipos de proyectiles&#8221;.<\/p>\n<p style=\"text-align: justify;\">En la gobernaci\u00f3n de Saada, norte de Yemen, el distrito de Ketaf ha sido blanco de varios ataques a\u00e9reos sauditas.<\/p>\n<p><em>m.m<\/em><\/p>\n","protected":false},"excerpt":{"rendered":"<p>San\u00e1, SANA Las fuerzas de agresi\u00f3n saudita contra Yemen bombardearon con m\u00e1s de 23 proyectiles de artiller\u00eda la ciudad sitiada de Ad Durayhimi en la gobernaci\u00f3n de Hodeida, al oeste de Yemen, durante las \u00faltimas 24 horas. De acuerdo con el portal informativo de Al-Masirah, &#8220;las fuerzas agresoras han atacado intensamente el \u00e1rea de Kilo &hellip;<\/p>\n","protected":false},"author":36,"featured_media":152928,"comment_status":"closed","ping_status":"closed","sticky":false,"template":"","format":"standard","meta":{"footnotes":""},"categories":[597,456,457],"tags":[],"class_list":["post-152927","post","type-post","status-publish","format-standard","has-post-thumbnail","","category-cinta-de-noticias","category-arabe-internacional-politica","category-noticias-arabe-internacional-politica"],"_links":{"self":[{"href":"https:\/\/archive.sana.sy\/es\/index.php?rest_route=\/wp\/v2\/posts\/152927"}],"collection":[{"href":"https:\/\/archive.sana.sy\/es\/index.php?rest_route=\/wp\/v2\/posts"}],"about":[{"href":"https:\/\/archive.sana.sy\/es\/index.php?rest_route=\/wp\/v2\/types\/post"}],"author":[{"embeddable":true,"href":"https:\/\/archive.sana.sy\/es\/index.php?rest_route=\/wp\/v2\/users\/36"}],"replies":[{"embeddable":true,"href":"https:\/\/archive.sana.sy\/es\/index.php?rest_route=%2Fwp%2Fv2%2Fcomments&post=152927"}],"version-history":[{"count":0,"href":"https:\/\/archive.sana.sy\/es\/index.php?rest_route=\/wp\/v2\/posts\/152927\/revisions"}],"wp:featuredmedia":[{"embeddable":true,"href":"https:\/\/archive.sana.sy\/es\/index.php?rest_route=\/wp\/v2\/media\/152928"}],"wp:attachment":[{"href":"https:\/\/archive.sana.sy\/es\/index.php?rest_route=%2Fwp%2Fv2%2Fmedia&parent=152927"}],"wp:term":[{"taxonomy":"category","embeddable":true,"href":"https:\/\/archive.sana.sy\/es\/index.php?rest_route=%2Fwp%2Fv2%2Fcategories&post=152927"},{"taxonomy":"post_tag","embeddable":true,"href":"https:\/\/archive.sana.sy\/es\/index.php?rest_route=%2Fwp%2Fv2%2Ftags&post=152927"}],"curies":[{"name":"wp","href":"https:\/\/api.w.org\/{rel}","templated":true}]}}