{"id":153004,"date":"2020-09-16T14:00:45","date_gmt":"2020-09-16T11:00:45","guid":{"rendered":"http:\/\/sana.sy\/es\/?p=153004"},"modified":"2023-01-10T15:14:50","modified_gmt":"2023-01-10T13:14:50","slug":"provincia-de-sweida-producira-esta-temporada-mas-de-54-mil-toneladas-de-uvas","status":"publish","type":"post","link":"https:\/\/archive.sana.sy\/es\/?p=153004","title":{"rendered":"Provincia de Sweida produce esta temporada m\u00e1s de 54 mil toneladas de uvas"},"content":{"rendered":"<p style=\"text-align: justify;\"><strong><span style=\"color: #800000;\">Sweida, SANA<\/span><\/strong><u><\/u><\/p>\n<p style=\"text-align: justify;\">La uva es una de las cosechas principales en la provincia sure\u00f1a de Sweida, donde casi 10 mil hect\u00e1reas est\u00e1n sembradas de este cultivo.<\/p>\n<p style=\"text-align: justify;\">La producci\u00f3n en la actual temporada se estima en m\u00e1s de 54 mil toneladas; una parte de la misma, termina en las f\u00e1bricas de jugo y los mercados internos, mientras los agricultores dedican otra parte de la cosecha para la elaboraci\u00f3n de pasas y melazas.<\/p>\n<p style=\"text-align: justify;\">La Planta Estatal de Fabricaci\u00f3n de Jugo procesar\u00e1 este a\u00f1o ocho mil toneladas de uvas blancas, seg\u00fan inform\u00f3 su director, Fadi Ashkar.<\/p>\n<p style=\"text-align: justify;\">Sweida produjo el a\u00f1o pasado acerca de 51 mil toneladas de diferentes tipos de uvas.<\/p>\n<div id='gallery-1' class='gallery galleryid-153004 gallery-columns-1 gallery-size-full'><figure class='gallery-item'>\n\t\t\t<div class='gallery-icon landscape'>\n\t\t\t\t<a href='https:\/\/archive.sana.sy\/es\/wp-content\/uploads\/2020\/09\/uvas-1.jpg'><img loading=\"lazy\" decoding=\"async\" width=\"660\" height=\"330\" src=\"https:\/\/archive.sana.sy\/es\/wp-content\/uploads\/2020\/09\/uvas-1.jpg\" class=\"attachment-full size-full\" alt=\"\" srcset=\"https:\/\/archive.sana.sy\/es\/wp-content\/uploads\/2020\/09\/uvas-1.jpg 660w, https:\/\/archive.sana.sy\/es\/wp-content\/uploads\/2020\/09\/uvas-1-300x150.jpg 300w, https:\/\/archive.sana.sy\/es\/wp-content\/uploads\/2020\/09\/uvas-1-150x75.jpg 150w\" sizes=\"(max-width: 660px) 100vw, 660px\" \/><\/a>\n\t\t\t<\/div><\/figure><figure class='gallery-item'>\n\t\t\t<div class='gallery-icon landscape'>\n\t\t\t\t<a href='https:\/\/archive.sana.sy\/es\/wp-content\/uploads\/2020\/09\/uvas-2.jpg'><img loading=\"lazy\" decoding=\"async\" width=\"660\" height=\"438\" src=\"https:\/\/archive.sana.sy\/es\/wp-content\/uploads\/2020\/09\/uvas-2.jpg\" class=\"attachment-full size-full\" alt=\"\" srcset=\"https:\/\/archive.sana.sy\/es\/wp-content\/uploads\/2020\/09\/uvas-2.jpg 660w, https:\/\/archive.sana.sy\/es\/wp-content\/uploads\/2020\/09\/uvas-2-300x199.jpg 300w, https:\/\/archive.sana.sy\/es\/wp-content\/uploads\/2020\/09\/uvas-2-150x100.jpg 150w, https:\/\/archive.sana.sy\/es\/wp-content\/uploads\/2020\/09\/uvas-2-310x205.jpg 310w\" sizes=\"(max-width: 660px) 100vw, 660px\" \/><\/a>\n\t\t\t<\/div><\/figure><figure class='gallery-item'>\n\t\t\t<div class='gallery-icon landscape'>\n\t\t\t\t<a href='https:\/\/archive.sana.sy\/es\/wp-content\/uploads\/2020\/09\/uvas-3.jpg'><img loading=\"lazy\" decoding=\"async\" width=\"660\" height=\"438\" src=\"https:\/\/archive.sana.sy\/es\/wp-content\/uploads\/2020\/09\/uvas-3.jpg\" class=\"attachment-full size-full\" alt=\"\" srcset=\"https:\/\/archive.sana.sy\/es\/wp-content\/uploads\/2020\/09\/uvas-3.jpg 660w, https:\/\/archive.sana.sy\/es\/wp-content\/uploads\/2020\/09\/uvas-3-300x199.jpg 300w, https:\/\/archive.sana.sy\/es\/wp-content\/uploads\/2020\/09\/uvas-3-150x100.jpg 150w, https:\/\/archive.sana.sy\/es\/wp-content\/uploads\/2020\/09\/uvas-3-310x205.jpg 310w\" sizes=\"(max-width: 660px) 100vw, 660px\" \/><\/a>\n\t\t\t<\/div><\/figure><figure class='gallery-item'>\n\t\t\t<div class='gallery-icon landscape'>\n\t\t\t\t<a href='https:\/\/archive.sana.sy\/es\/wp-content\/uploads\/2020\/09\/uvas-5.jpg'><img loading=\"lazy\" decoding=\"async\" width=\"660\" height=\"449\" src=\"https:\/\/archive.sana.sy\/es\/wp-content\/uploads\/2020\/09\/uvas-5.jpg\" class=\"attachment-full size-full\" alt=\"\" srcset=\"https:\/\/archive.sana.sy\/es\/wp-content\/uploads\/2020\/09\/uvas-5.jpg 660w, https:\/\/archive.sana.sy\/es\/wp-content\/uploads\/2020\/09\/uvas-5-300x204.jpg 300w, https:\/\/archive.sana.sy\/es\/wp-content\/uploads\/2020\/09\/uvas-5-150x102.jpg 150w, https:\/\/archive.sana.sy\/es\/wp-content\/uploads\/2020\/09\/uvas-5-110x75.jpg 110w\" sizes=\"(max-width: 660px) 100vw, 660px\" \/><\/a>\n\t\t\t<\/div><\/figure><figure class='gallery-item'>\n\t\t\t<div class='gallery-icon landscape'>\n\t\t\t\t<a href='https:\/\/archive.sana.sy\/es\/wp-content\/uploads\/2020\/09\/uvas-4.jpg'><img loading=\"lazy\" decoding=\"async\" width=\"660\" height=\"370\" src=\"https:\/\/archive.sana.sy\/es\/wp-content\/uploads\/2020\/09\/uvas-4.jpg\" class=\"attachment-full size-full\" alt=\"\" srcset=\"https:\/\/archive.sana.sy\/es\/wp-content\/uploads\/2020\/09\/uvas-4.jpg 660w, https:\/\/archive.sana.sy\/es\/wp-content\/uploads\/2020\/09\/uvas-4-300x168.jpg 300w, https:\/\/archive.sana.sy\/es\/wp-content\/uploads\/2020\/09\/uvas-4-150x84.jpg 150w\" sizes=\"(max-width: 660px) 100vw, 660px\" \/><\/a>\n\t\t\t<\/div><\/figure>\n\t\t<\/div>\n\n<p style=\"text-align: justify;\"><span style=\"color: #0000ff;\"><em>la\/fm<\/em><\/span><\/p>\n","protected":false},"excerpt":{"rendered":"<p>Sweida, SANA La uva es una de las cosechas principales en la provincia sure\u00f1a de Sweida, donde casi 10 mil hect\u00e1reas est\u00e1n sembradas de este cultivo. La producci\u00f3n en la actual temporada se estima en m\u00e1s de 54 mil toneladas; una parte de la misma, termina en las f\u00e1bricas de jugo y los mercados internos, &hellip;<\/p>\n","protected":false},"author":24,"featured_media":153010,"comment_status":"closed","ping_status":"closed","sticky":false,"template":"","format":"standard","meta":{"footnotes":""},"categories":[597,16686,485,476,7541],"tags":[],"class_list":["post-153004","post","type-post","status-publish","format-standard","has-post-thumbnail","","category-cinta-de-noticias","category-economia","category-informes-negocios-y-finanzas","category-locales","category-ultimas-noticias"],"_links":{"self":[{"href":"https:\/\/archive.sana.sy\/es\/index.php?rest_route=\/wp\/v2\/posts\/153004"}],"collection":[{"href":"https:\/\/archive.sana.sy\/es\/index.php?rest_route=\/wp\/v2\/posts"}],"about":[{"href":"https:\/\/archive.sana.sy\/es\/index.php?rest_route=\/wp\/v2\/types\/post"}],"author":[{"embeddable":true,"href":"https:\/\/archive.sana.sy\/es\/index.php?rest_route=\/wp\/v2\/users\/24"}],"replies":[{"embeddable":true,"href":"https:\/\/archive.sana.sy\/es\/index.php?rest_route=%2Fwp%2Fv2%2Fcomments&post=153004"}],"version-history":[{"count":0,"href":"https:\/\/archive.sana.sy\/es\/index.php?rest_route=\/wp\/v2\/posts\/153004\/revisions"}],"wp:featuredmedia":[{"embeddable":true,"href":"https:\/\/archive.sana.sy\/es\/index.php?rest_route=\/wp\/v2\/media\/153010"}],"wp:attachment":[{"href":"https:\/\/archive.sana.sy\/es\/index.php?rest_route=%2Fwp%2Fv2%2Fmedia&parent=153004"}],"wp:term":[{"taxonomy":"category","embeddable":true,"href":"https:\/\/archive.sana.sy\/es\/index.php?rest_route=%2Fwp%2Fv2%2Fcategories&post=153004"},{"taxonomy":"post_tag","embeddable":true,"href":"https:\/\/archive.sana.sy\/es\/index.php?rest_route=%2Fwp%2Fv2%2Ftags&post=153004"}],"curies":[{"name":"wp","href":"https:\/\/api.w.org\/{rel}","templated":true}]}}