{"id":153040,"date":"2020-09-16T15:00:43","date_gmt":"2020-09-16T12:00:43","guid":{"rendered":"http:\/\/sana.sy\/es\/?p=153040"},"modified":"2023-01-10T15:14:50","modified_gmt":"2023-01-10T13:14:50","slug":"siria-exporto-este-ano-pistacho-a-varios-paises-occidentales-y-arabes","status":"publish","type":"post","link":"https:\/\/archive.sana.sy\/es\/?p=153040","title":{"rendered":"Siria export\u00f3 pistachos a diferentes pa\u00edses \u00e1rabes y occidentales"},"content":{"rendered":"<p style=\"text-align: justify;\"><strong><span style=\"color: #800000;\">Damasco, SANA<\/span><\/strong><\/p>\n<p style=\"text-align: justify;\">Siria export\u00f3 este a\u00f1o unas 556 toneladas de pistachos a Canad\u00e1, la Uni\u00f3n Europea, incluida Alemania, y varios pa\u00edses \u00e1rabes, seg\u00fan una nota del Ministerio de Agricultura y Reforma Agraria.<\/p>\n<p style=\"text-align: justify;\">El Ministerio inform\u00f3 en un comunicado que hasta la fecha se ha recolectado el 80 por ciento del cultivo total de pistacho.<\/p>\n<p style=\"text-align: justify;\">Agreg\u00f3 que los agricultores comenzaron a recoger sus cosechas desde finales de julio pasado en varias \u00e1reas del pa\u00eds, y este proceso sigue en marcha.<\/p>\n<p style=\"text-align: justify;\">El Ministerio hab\u00eda estimado la producci\u00f3n de la temporada actual de pistacho en 70 mil toneladas.<\/p>\n<p style=\"text-align: justify;\"><span style=\"color: #0000ff;\"><strong>la\/fm<\/strong><\/span><\/p>\n","protected":false},"excerpt":{"rendered":"<p>Damasco, SANA Siria export\u00f3 este a\u00f1o unas 556 toneladas de pistachos a Canad\u00e1, la Uni\u00f3n Europea, incluida Alemania, y varios pa\u00edses \u00e1rabes, seg\u00fan una nota del Ministerio de Agricultura y Reforma Agraria. El Ministerio inform\u00f3 en un comunicado que hasta la fecha se ha recolectado el 80 por ciento del cultivo total de pistacho. Agreg\u00f3 &hellip;<\/p>\n","protected":false},"author":24,"featured_media":153041,"comment_status":"closed","ping_status":"closed","sticky":false,"template":"","format":"standard","meta":{"footnotes":""},"categories":[597,16686,485,7541],"tags":[],"class_list":["post-153040","post","type-post","status-publish","format-standard","has-post-thumbnail","","category-cinta-de-noticias","category-economia","category-informes-negocios-y-finanzas","category-ultimas-noticias"],"_links":{"self":[{"href":"https:\/\/archive.sana.sy\/es\/index.php?rest_route=\/wp\/v2\/posts\/153040"}],"collection":[{"href":"https:\/\/archive.sana.sy\/es\/index.php?rest_route=\/wp\/v2\/posts"}],"about":[{"href":"https:\/\/archive.sana.sy\/es\/index.php?rest_route=\/wp\/v2\/types\/post"}],"author":[{"embeddable":true,"href":"https:\/\/archive.sana.sy\/es\/index.php?rest_route=\/wp\/v2\/users\/24"}],"replies":[{"embeddable":true,"href":"https:\/\/archive.sana.sy\/es\/index.php?rest_route=%2Fwp%2Fv2%2Fcomments&post=153040"}],"version-history":[{"count":0,"href":"https:\/\/archive.sana.sy\/es\/index.php?rest_route=\/wp\/v2\/posts\/153040\/revisions"}],"wp:featuredmedia":[{"embeddable":true,"href":"https:\/\/archive.sana.sy\/es\/index.php?rest_route=\/wp\/v2\/media\/153041"}],"wp:attachment":[{"href":"https:\/\/archive.sana.sy\/es\/index.php?rest_route=%2Fwp%2Fv2%2Fmedia&parent=153040"}],"wp:term":[{"taxonomy":"category","embeddable":true,"href":"https:\/\/archive.sana.sy\/es\/index.php?rest_route=%2Fwp%2Fv2%2Fcategories&post=153040"},{"taxonomy":"post_tag","embeddable":true,"href":"https:\/\/archive.sana.sy\/es\/index.php?rest_route=%2Fwp%2Fv2%2Ftags&post=153040"}],"curies":[{"name":"wp","href":"https:\/\/api.w.org\/{rel}","templated":true}]}}