{"id":153262,"date":"2020-09-19T08:29:57","date_gmt":"2020-09-19T05:29:57","guid":{"rendered":"http:\/\/sana.sy\/es\/?p=153262"},"modified":"2020-09-19T08:29:57","modified_gmt":"2020-09-19T05:29:57","slug":"las-medidas-economicas-coercitivas-unilaterales-impuestas-a-siria-obstaculizan-una-solucion-politica-afirma-nebenzia","status":"publish","type":"post","link":"https:\/\/archive.sana.sy\/es\/?p=153262","title":{"rendered":"Las medidas econ\u00f3micas coercitivas unilaterales impuestas a Siria obstaculizan una soluci\u00f3n pol\u00edtica, afirma Nebenzia"},"content":{"rendered":"<p style=\"text-align: justify;\"><span style=\"color: #800000;\"><strong> Nueva York, SANA<\/strong><\/span><\/p>\n<p style=\"text-align: justify;\">Rusia reiter\u00f3 la ilegalidad de las medidas econ\u00f3micas coercitivas unilaterales impuestas a Siria, y afirm\u00f3 que las mismas impiden una soluci\u00f3n pol\u00edtica a la crisis.<\/p>\n<p style=\"text-align: justify;\">Russia Today cit\u00f3 al representante permanente de Rusia ante las Naciones Unidas, Vassily Nebenzia, diciendo en un discurso pronunciado durante una sesi\u00f3n del Consejo de Seguridad de la ONU, que las sanciones unilaterales ilegales se est\u00e1n utilizando como una herramienta de castigo colectivo y tienen como objetivo encender el descontento social, as\u00ed como obstaculizan los esfuerzos de quienes quieren la paz en Siria.<\/p>\n<p style=\"text-align: justify;\">Adem\u00e1s, el delegado ruso critic\u00f3 el reconocimiento p\u00fablico del presidente estadounidense Donald Trump de que hab\u00eda pensado en atentar contra la vida del presidente Bashar al-Assad.<\/p>\n<p style=\"text-align: justify;\">\u201cRecientemente escuchamos sobre planes para atentar contra la vida del jefe de un estado soberano, y llam\u00f3 a las partes que muestran falta de respeto al derecho internacional que abandonen tales pr\u00e1cticas&#8217;, en una clara referencia a la administraci\u00f3n estadounidense.<\/p>\n<p style=\"text-align: justify;\"><span style=\"color: #0000ff;\">fm<\/span><\/p>\n","protected":false},"excerpt":{"rendered":"<p>Nueva York, SANA Rusia reiter\u00f3 la ilegalidad de las medidas econ\u00f3micas coercitivas unilaterales impuestas a Siria, y afirm\u00f3 que las mismas impiden una soluci\u00f3n pol\u00edtica a la crisis. Russia Today cit\u00f3 al representante permanente de Rusia ante las Naciones Unidas, Vassily Nebenzia, diciendo en un discurso pronunciado durante una sesi\u00f3n del Consejo de Seguridad de &hellip;<\/p>\n","protected":false},"author":34,"featured_media":153263,"comment_status":"closed","ping_status":"closed","sticky":false,"template":"","format":"standard","meta":{"footnotes":""},"categories":[597,467,7541],"tags":[],"class_list":["post-153262","post","type-post","status-publish","format-standard","has-post-thumbnail","","category-cinta-de-noticias","category-siria-y-el-mundo","category-ultimas-noticias"],"_links":{"self":[{"href":"https:\/\/archive.sana.sy\/es\/index.php?rest_route=\/wp\/v2\/posts\/153262"}],"collection":[{"href":"https:\/\/archive.sana.sy\/es\/index.php?rest_route=\/wp\/v2\/posts"}],"about":[{"href":"https:\/\/archive.sana.sy\/es\/index.php?rest_route=\/wp\/v2\/types\/post"}],"author":[{"embeddable":true,"href":"https:\/\/archive.sana.sy\/es\/index.php?rest_route=\/wp\/v2\/users\/34"}],"replies":[{"embeddable":true,"href":"https:\/\/archive.sana.sy\/es\/index.php?rest_route=%2Fwp%2Fv2%2Fcomments&post=153262"}],"version-history":[{"count":0,"href":"https:\/\/archive.sana.sy\/es\/index.php?rest_route=\/wp\/v2\/posts\/153262\/revisions"}],"wp:featuredmedia":[{"embeddable":true,"href":"https:\/\/archive.sana.sy\/es\/index.php?rest_route=\/wp\/v2\/media\/153263"}],"wp:attachment":[{"href":"https:\/\/archive.sana.sy\/es\/index.php?rest_route=%2Fwp%2Fv2%2Fmedia&parent=153262"}],"wp:term":[{"taxonomy":"category","embeddable":true,"href":"https:\/\/archive.sana.sy\/es\/index.php?rest_route=%2Fwp%2Fv2%2Fcategories&post=153262"},{"taxonomy":"post_tag","embeddable":true,"href":"https:\/\/archive.sana.sy\/es\/index.php?rest_route=%2Fwp%2Fv2%2Ftags&post=153262"}],"curies":[{"name":"wp","href":"https:\/\/api.w.org\/{rel}","templated":true}]}}