{"id":153267,"date":"2020-09-19T11:27:44","date_gmt":"2020-09-19T08:27:44","guid":{"rendered":"http:\/\/sana.sy\/es\/?p=153267"},"modified":"2020-09-19T16:54:50","modified_gmt":"2020-09-19T13:54:50","slug":"siria-denuncia-al-gobierno-holandes-por-utilizar-la-corte-de-la-haya-al-servicio-de-agendas-estadounidense","status":"publish","type":"post","link":"https:\/\/archive.sana.sy\/es\/?p=153267","title":{"rendered":"Siria denuncia al gobierno holand\u00e9s por utilizar la Corte de La Haya al servicio de agendas estadounidense"},"content":{"rendered":"<p style=\"text-align: justify;\"><span style=\"color: #800000;\"><strong>Damasco, SANA<\/strong><\/span><\/p>\n<p style=\"text-align: justify;\">El Ministerio de Exteriores y Expatriados de Siria denunci\u00f3 hoy al gobierno holand\u00e9s por utilizar la Corte Internacional de Justicia de La Haya al servicio de las agendas pol\u00edticas de \u201csu amo estadounidense\u201d.<\/p>\n<p style=\"text-align: justify;\">\u201cUna vez m\u00e1s el gobierno holand\u00e9s, que acept\u00f3 desempe\u00f1ar el papel de lacayo y servil a Estados Unidos de Am\u00e9rica, persiste en utilizar la Corte Internacional de Justicia de La Haya al servicio de las agendas pol\u00edticas de su amo estadounidense y utilizarla como plataforma para saltar por encima de las Naciones Unidas y el Derecho Internacional, en una flagrante violaci\u00f3n de sus obligaciones y compromisos como pa\u00eds anfitri\u00f3n de esa Organizaci\u00f3n internacional y su sistema\u201d, afirm\u00f3 una declaraci\u00f3n de la canciller\u00eda.<\/p>\n<p style=\"text-align: justify;\">La nota indic\u00f3 que el gobierno holand\u00e9s no tiene derecho ninguno para hablar sobre los derechos humanos y la protecci\u00f3n de la poblaci\u00f3n civil, mucho menos despu\u00e9s de su gran esc\u00e1ndalo frente a la opini\u00f3n p\u00fablica holandesa y los contribuyentes por su apoyo y financiamiento a organizaciones armadas en Siria que la Fiscal\u00eda Holandesa clasifica como organizaciones terroristas.<\/p>\n<p style=\"text-align: justify;\">Concluy\u00f3 que el gobierno de la Rep\u00fablica \u00c1rabe Siria se reserva el derecho de enjuiciar a cualquier persona involucrada en apoyar el terrorismo en Siria, y responsabiliza a los pa\u00edses involucrados en el derramamiento de sangre sirio, sean gobiernos o personas, del asesinato de civiles, la destrucci\u00f3n de instalaciones e infraestructura y el robo de la riqueza del pueblo sirio.<\/p>\n<p style=\"text-align: justify;\"><span style=\"color: #0000ff;\"><strong>fm\/ws<\/strong><\/span><\/p>\n","protected":false},"excerpt":{"rendered":"<p>Damasco, SANA El Ministerio de Exteriores y Expatriados de Siria denunci\u00f3 hoy al gobierno holand\u00e9s por utilizar la Corte Internacional de Justicia de La Haya al servicio de las agendas pol\u00edticas de \u201csu amo estadounidense\u201d. \u201cUna vez m\u00e1s el gobierno holand\u00e9s, que acept\u00f3 desempe\u00f1ar el papel de lacayo y servil a Estados Unidos de Am\u00e9rica, &hellip;<\/p>\n","protected":false},"author":35,"featured_media":153268,"comment_status":"closed","ping_status":"closed","sticky":false,"template":"","format":"standard","meta":{"footnotes":""},"categories":[477,597,573,476,583],"tags":[],"class_list":["post-153267","post","type-post","status-publish","format-standard","has-post-thumbnail","","category-noticias-edulcorantes","category-cinta-de-noticias","category-la-realidad-de-los-acontecimientos-en-siria","category-locales","category-slide"],"_links":{"self":[{"href":"https:\/\/archive.sana.sy\/es\/index.php?rest_route=\/wp\/v2\/posts\/153267"}],"collection":[{"href":"https:\/\/archive.sana.sy\/es\/index.php?rest_route=\/wp\/v2\/posts"}],"about":[{"href":"https:\/\/archive.sana.sy\/es\/index.php?rest_route=\/wp\/v2\/types\/post"}],"author":[{"embeddable":true,"href":"https:\/\/archive.sana.sy\/es\/index.php?rest_route=\/wp\/v2\/users\/35"}],"replies":[{"embeddable":true,"href":"https:\/\/archive.sana.sy\/es\/index.php?rest_route=%2Fwp%2Fv2%2Fcomments&post=153267"}],"version-history":[{"count":0,"href":"https:\/\/archive.sana.sy\/es\/index.php?rest_route=\/wp\/v2\/posts\/153267\/revisions"}],"wp:featuredmedia":[{"embeddable":true,"href":"https:\/\/archive.sana.sy\/es\/index.php?rest_route=\/wp\/v2\/media\/153268"}],"wp:attachment":[{"href":"https:\/\/archive.sana.sy\/es\/index.php?rest_route=%2Fwp%2Fv2%2Fmedia&parent=153267"}],"wp:term":[{"taxonomy":"category","embeddable":true,"href":"https:\/\/archive.sana.sy\/es\/index.php?rest_route=%2Fwp%2Fv2%2Fcategories&post=153267"},{"taxonomy":"post_tag","embeddable":true,"href":"https:\/\/archive.sana.sy\/es\/index.php?rest_route=%2Fwp%2Fv2%2Ftags&post=153267"}],"curies":[{"name":"wp","href":"https:\/\/api.w.org\/{rel}","templated":true}]}}