{"id":153337,"date":"2020-09-20T08:55:01","date_gmt":"2020-09-20T05:55:01","guid":{"rendered":"http:\/\/sana.sy\/es\/?p=153337"},"modified":"2023-01-12T14:43:08","modified_gmt":"2023-01-12T12:43:08","slug":"ejercito-israeli-lanza-bombas-de-bengala-en-el-sur-del-libano-y-provoca-incendios","status":"publish","type":"post","link":"https:\/\/archive.sana.sy\/es\/?p=153337","title":{"rendered":"Ej\u00e9rcito israel\u00ed lanza bombas de bengala en el sur del L\u00edbano y provoca incendios"},"content":{"rendered":"<p style=\"text-align: justify;\"><strong><span style=\"color: #800000;\">Beirut, SANA<\/span><\/strong><\/p>\n<p style=\"text-align: justify;\">El ej\u00e9rcito israel\u00ed continu\u00f3 sus acciones provocativas que violan la soberan\u00eda libanesa y lanz\u00f3 en las recientes horas bombas de bengala sobre la localidad de Kurum Sharaqui en el sur del L\u00edbano, lo que provoc\u00f3 incendios en la zona.<\/p>\n<p style=\"text-align: justify;\">La informaci\u00f3n fue difundida por la Agencia Nacional Libanesa de Noticias.<\/p>\n<p style=\"text-align: justify;\">Hace dos d\u00edas, el enemigo israel\u00ed lanz\u00f3 bombas de bengala en la misma zona antes de iniciar una operaci\u00f3n de peinado en la zona.<\/p>\n<p style=\"text-align: justify;\"><span style=\"color: #0000ff;\"><strong>fm\/ws<\/strong><\/span><\/p>\n","protected":false},"excerpt":{"rendered":"<p>Beirut, SANA El ej\u00e9rcito israel\u00ed continu\u00f3 sus acciones provocativas que violan la soberan\u00eda libanesa y lanz\u00f3 en las recientes horas bombas de bengala sobre la localidad de Kurum Sharaqui en el sur del L\u00edbano, lo que provoc\u00f3 incendios en la zona. La informaci\u00f3n fue difundida por la Agencia Nacional Libanesa de Noticias. Hace dos d\u00edas, &hellip;<\/p>\n","protected":false},"author":35,"featured_media":153338,"comment_status":"closed","ping_status":"closed","sticky":false,"template":"","format":"standard","meta":{"footnotes":""},"categories":[597,456],"tags":[],"class_list":["post-153337","post","type-post","status-publish","format-standard","has-post-thumbnail","","category-cinta-de-noticias","category-arabe-internacional-politica"],"_links":{"self":[{"href":"https:\/\/archive.sana.sy\/es\/index.php?rest_route=\/wp\/v2\/posts\/153337"}],"collection":[{"href":"https:\/\/archive.sana.sy\/es\/index.php?rest_route=\/wp\/v2\/posts"}],"about":[{"href":"https:\/\/archive.sana.sy\/es\/index.php?rest_route=\/wp\/v2\/types\/post"}],"author":[{"embeddable":true,"href":"https:\/\/archive.sana.sy\/es\/index.php?rest_route=\/wp\/v2\/users\/35"}],"replies":[{"embeddable":true,"href":"https:\/\/archive.sana.sy\/es\/index.php?rest_route=%2Fwp%2Fv2%2Fcomments&post=153337"}],"version-history":[{"count":0,"href":"https:\/\/archive.sana.sy\/es\/index.php?rest_route=\/wp\/v2\/posts\/153337\/revisions"}],"wp:featuredmedia":[{"embeddable":true,"href":"https:\/\/archive.sana.sy\/es\/index.php?rest_route=\/wp\/v2\/media\/153338"}],"wp:attachment":[{"href":"https:\/\/archive.sana.sy\/es\/index.php?rest_route=%2Fwp%2Fv2%2Fmedia&parent=153337"}],"wp:term":[{"taxonomy":"category","embeddable":true,"href":"https:\/\/archive.sana.sy\/es\/index.php?rest_route=%2Fwp%2Fv2%2Fcategories&post=153337"},{"taxonomy":"post_tag","embeddable":true,"href":"https:\/\/archive.sana.sy\/es\/index.php?rest_route=%2Fwp%2Fv2%2Ftags&post=153337"}],"curies":[{"name":"wp","href":"https:\/\/api.w.org\/{rel}","templated":true}]}}