{"id":15339,"date":"2015-01-01T16:18:21","date_gmt":"2015-01-01T14:18:21","guid":{"rendered":"http:\/\/www.sana.sy\/es\/?p=15339"},"modified":"2015-01-01T16:18:21","modified_gmt":"2015-01-01T14:18:21","slug":"tropas-iraquies-avanzan-hacia-la-ciudad-de-mosul","status":"publish","type":"post","link":"https:\/\/archive.sana.sy\/es\/?p=15339","title":{"rendered":"Tropas iraqu\u00edes avanzan hacia la ciudad de Mosul"},"content":{"rendered":"<div><span lang=\"ES\"><span style=\"color: #ff0000\">Bagdad, SANA<\/span><\/span><\/div>\n<div><\/div>\n<div><span lang=\"ES\">Fuerzas iraqu\u00edes conjuntas lanzaron una operaci\u00f3n militar sorpresa contra las fortificaciones y cuarteles de los terroristas de la organizaci\u00f3n del Estado Isl<\/span><span lang=\"ES\">\u00e1<\/span><span lang=\"ES\">mico en el sur de la ciudad de Mosul, capital provincial de Ninawa, donde lograron liberar a dos poblados al sur de la ciudad e infligieron enormes p\u00e9rdidas en las filas de la organizaci\u00f3n terrorista.<\/span><\/div>\n<div><\/div>\n<div><span lang=\"ES\">Por otro lado, un portavoz del Comando de Operaciones Conjuntas dijo que las bandas terroristas sufrieron 34 bajas mortales en sus filas y numerosos de sus veh\u00edculos fueron destruidos.<\/span><\/div>\n<div><\/div>\n<div><span lang=\"ES\">Asimismo, tropas iraqu\u00edes avanzan hacia la ciudad de Mosul, con el fin de liberar de los terroristas del EI.<\/span><\/div>\n<div><\/div>\n<div><span style=\"color: #00ccff\">Fady M., Hala B.<\/span><\/div>\n","protected":false},"excerpt":{"rendered":"<p>Bagdad, SANA Fuerzas iraqu\u00edes conjuntas lanzaron una operaci\u00f3n militar sorpresa contra las fortificaciones y cuarteles de los terroristas de la organizaci\u00f3n del Estado Isl\u00e1mico en el sur de la ciudad de Mosul, capital provincial de Ninawa, donde lograron liberar a dos poblados al sur de la ciudad e infligieron enormes p\u00e9rdidas en las filas de &hellip;<\/p>\n","protected":false},"author":1,"featured_media":15340,"comment_status":"closed","ping_status":"closed","sticky":false,"template":"","format":"standard","meta":{"footnotes":""},"categories":[456,576],"tags":[3493],"class_list":["post-15339","post","type-post","status-publish","format-standard","has-post-thumbnail","","category-arabe-internacional-politica","category-noticias-politicas","tag-tropas-iraquies-avanzan-hacia-la-ciudad-de-mosul"],"_links":{"self":[{"href":"https:\/\/archive.sana.sy\/es\/index.php?rest_route=\/wp\/v2\/posts\/15339"}],"collection":[{"href":"https:\/\/archive.sana.sy\/es\/index.php?rest_route=\/wp\/v2\/posts"}],"about":[{"href":"https:\/\/archive.sana.sy\/es\/index.php?rest_route=\/wp\/v2\/types\/post"}],"author":[{"embeddable":true,"href":"https:\/\/archive.sana.sy\/es\/index.php?rest_route=\/wp\/v2\/users\/1"}],"replies":[{"embeddable":true,"href":"https:\/\/archive.sana.sy\/es\/index.php?rest_route=%2Fwp%2Fv2%2Fcomments&post=15339"}],"version-history":[{"count":0,"href":"https:\/\/archive.sana.sy\/es\/index.php?rest_route=\/wp\/v2\/posts\/15339\/revisions"}],"wp:featuredmedia":[{"embeddable":true,"href":"https:\/\/archive.sana.sy\/es\/index.php?rest_route=\/wp\/v2\/media\/15340"}],"wp:attachment":[{"href":"https:\/\/archive.sana.sy\/es\/index.php?rest_route=%2Fwp%2Fv2%2Fmedia&parent=15339"}],"wp:term":[{"taxonomy":"category","embeddable":true,"href":"https:\/\/archive.sana.sy\/es\/index.php?rest_route=%2Fwp%2Fv2%2Fcategories&post=15339"},{"taxonomy":"post_tag","embeddable":true,"href":"https:\/\/archive.sana.sy\/es\/index.php?rest_route=%2Fwp%2Fv2%2Ftags&post=15339"}],"curies":[{"name":"wp","href":"https:\/\/api.w.org\/{rel}","templated":true}]}}