{"id":15342,"date":"2015-01-01T16:22:06","date_gmt":"2015-01-01T14:22:06","guid":{"rendered":"http:\/\/www.sana.sy\/es\/?p=15342"},"modified":"2015-01-01T16:22:06","modified_gmt":"2015-01-01T14:22:06","slug":"patriarca-yazigi-llama-a-detener-la-guerra-en-siria-y-contra-siria","status":"publish","type":"post","link":"https:\/\/archive.sana.sy\/es\/?p=15342","title":{"rendered":"Patriarca Yazigi llama a detener la guerra en Siria y contra Siria"},"content":{"rendered":"<div><span lang=\"ES\"><span style=\"color: #ff0000\">Damasco, SANA<\/span><\/span><\/div>\n<div><\/div>\n<div><span lang=\"ES\">El patriarca Juan X Yazigi, l\u00edder de la Iglesia Greco-Ortodoxa de Antioqu\u00eda y todo Oriente, exigi\u00f3 a todo el mundo a que detenga la guerra desatada contra Siria mediante el respaldo a grupos armados.<\/span><\/div>\n<div><\/div>\n<div><span lang=\"ES\">Durante una misa celebrada en la Catedral Mariamita de Damasco, Juan X Yazigi, critic\u00f3 el extremismo religioso que afecta a los j\u00f3venes en la regi\u00f3n y llam\u00f3 a condenar esas posiciones radicales.<\/span><\/div>\n<div><\/div>\n<div><span lang=\"ES\">Desde que asumi\u00f3 como patriarca, en diciembre de 2012, el religioso ha rechazado la intervenci\u00f3n extranjera en los asuntos internos de Siria y abogado por la reconciliaci\u00f3n nacional.<\/span><\/div>\n<div><\/div>\n<div><span lang=\"ES\">La Ortodoxa de Antioqu\u00eda es una de las 15 iglesias autoc\u00e9falas de la comuni\u00f3n ortodoxa y uno de los cinco patriarcados del cristianismo primitivo.<\/span><\/div>\n<div><\/div>\n<div><span style=\"color: #00ccff\">Hala B., Fady M.<\/span><\/div>\n","protected":false},"excerpt":{"rendered":"<p>Damasco, SANA El patriarca Juan X Yazigi, l\u00edder de la Iglesia Greco-Ortodoxa de Antioqu\u00eda y todo Oriente, exigi\u00f3 a todo el mundo a que detenga la guerra desatada contra Siria mediante el respaldo a grupos armados. Durante una misa celebrada en la Catedral Mariamita de Damasco, Juan X Yazigi, critic\u00f3 el extremismo religioso que afecta &hellip;<\/p>\n","protected":false},"author":1,"featured_media":15343,"comment_status":"closed","ping_status":"closed","sticky":false,"template":"","format":"standard","meta":{"footnotes":""},"categories":[476],"tags":[3494],"class_list":["post-15342","post","type-post","status-publish","format-standard","has-post-thumbnail","","category-locales","tag-patriarca-yazigi-llama-a-detener-la-guerra-en-siria-y-contra-siria"],"_links":{"self":[{"href":"https:\/\/archive.sana.sy\/es\/index.php?rest_route=\/wp\/v2\/posts\/15342"}],"collection":[{"href":"https:\/\/archive.sana.sy\/es\/index.php?rest_route=\/wp\/v2\/posts"}],"about":[{"href":"https:\/\/archive.sana.sy\/es\/index.php?rest_route=\/wp\/v2\/types\/post"}],"author":[{"embeddable":true,"href":"https:\/\/archive.sana.sy\/es\/index.php?rest_route=\/wp\/v2\/users\/1"}],"replies":[{"embeddable":true,"href":"https:\/\/archive.sana.sy\/es\/index.php?rest_route=%2Fwp%2Fv2%2Fcomments&post=15342"}],"version-history":[{"count":0,"href":"https:\/\/archive.sana.sy\/es\/index.php?rest_route=\/wp\/v2\/posts\/15342\/revisions"}],"wp:featuredmedia":[{"embeddable":true,"href":"https:\/\/archive.sana.sy\/es\/index.php?rest_route=\/wp\/v2\/media\/15343"}],"wp:attachment":[{"href":"https:\/\/archive.sana.sy\/es\/index.php?rest_route=%2Fwp%2Fv2%2Fmedia&parent=15342"}],"wp:term":[{"taxonomy":"category","embeddable":true,"href":"https:\/\/archive.sana.sy\/es\/index.php?rest_route=%2Fwp%2Fv2%2Fcategories&post=15342"},{"taxonomy":"post_tag","embeddable":true,"href":"https:\/\/archive.sana.sy\/es\/index.php?rest_route=%2Fwp%2Fv2%2Ftags&post=15342"}],"curies":[{"name":"wp","href":"https:\/\/api.w.org\/{rel}","templated":true}]}}