{"id":15345,"date":"2015-01-01T16:42:17","date_gmt":"2015-01-01T14:42:17","guid":{"rendered":"http:\/\/www.sana.sy\/es\/?p=15345"},"modified":"2015-01-01T16:42:17","modified_gmt":"2015-01-01T14:42:17","slug":"encargado-por-el-presidente-al-assad-el-embajador-abdulkarim-ofrece-las-consolaciones-por-el-fallecimiento-de-karami","status":"publish","type":"post","link":"https:\/\/archive.sana.sy\/es\/?p=15345","title":{"rendered":"Encargado por el presidente al-Assad, el embajador Abdulkarim ofrece las consolaciones por el fallecimiento de Karami"},"content":{"rendered":"<div><span lang=\"ES\" style=\"color: #ff0000\">Beirut, SANA<\/span><\/div>\n<div><\/div>\n<div><span lang=\"ES\">Encargado por el presidente Bashar Al-Assad, el embajador sirio en el L\u00edbano, Ali Abdulkarim, \u00a0ofreci\u00f3 las consolaciones a la familia del ex primer ministro liban\u00e9s Omar Karami.<\/span><\/div>\n<div><\/div>\n<div><span lang=\"ES\">La familia del fallecido reafirm\u00f3 las profundas relaciones sirio-libanesas, y agradecieron al presidente Siria, deseando la victoria para Siria en su lucha contra el terrorismo y que retorne la seguridad y la estabilidad a este pa\u00eds.<\/span><\/div>\n<div><span lang=\"ES\">\u00a0<\/span><\/div>\n<div><span lang=\"ES-TRAD\">Cabe resaltar que falleci\u00f3 este jueves el ex primer ministro liban\u00e9s Omar Karami a una edad de 80 a\u00f1os, tras sufrir de una enfermedad incurable.<\/span><\/div>\n<div><span lang=\"ES\">\u00a0<\/span><\/div>\n<div><span lang=\"ES-TRAD\">Un comunicado emitido por la familia del difunto anunci\u00f3 que el Ex primer ministro falleci\u00f3 esta madrugada del jueves en el Hospital de la Universidad Americana de Beirut, donde recib\u00eda tratamiento.<\/span><\/div>\n<div><span lang=\"ES-TRAD\">\u00a0<\/span><\/div>\n<div><span lang=\"ES-TRAD\">Karami naci\u00f3 el 7 de septiembre de 1934 en la ciudad de Tr\u00edpoli, y se hizo cargo de la presidencia del gobierno liban\u00e9s para dos mandatos, el primero de diciembre 1990 a mayo 1992, y el segundo entre octubre del 2004 a febrero de 2005.<\/span><\/div>\n<div><\/div>\n<div><span style=\"color: #00ccff\">Hala B., Fady M.<\/span><\/div>\n","protected":false},"excerpt":{"rendered":"<p>Beirut, SANA Encargado por el presidente Bashar Al-Assad, el embajador sirio en el L\u00edbano, Ali Abdulkarim, \u00a0ofreci\u00f3 las consolaciones a la familia del ex primer ministro liban\u00e9s Omar Karami. La familia del fallecido reafirm\u00f3 las profundas relaciones sirio-libanesas, y agradecieron al presidente Siria, deseando la victoria para Siria en su lucha contra el terrorismo y &hellip;<\/p>\n","protected":false},"author":1,"featured_media":15346,"comment_status":"closed","ping_status":"closed","sticky":false,"template":"","format":"standard","meta":{"footnotes":""},"categories":[456],"tags":[3496,3495],"class_list":["post-15345","post","type-post","status-publish","format-standard","has-post-thumbnail","","category-arabe-internacional-politica","tag-el-embajador-abdulkarim-ofrece-las-consolaciones-por-el-fallecimiento-de-karami","tag-encargado-por-el-presidente-al-assad"],"_links":{"self":[{"href":"https:\/\/archive.sana.sy\/es\/index.php?rest_route=\/wp\/v2\/posts\/15345"}],"collection":[{"href":"https:\/\/archive.sana.sy\/es\/index.php?rest_route=\/wp\/v2\/posts"}],"about":[{"href":"https:\/\/archive.sana.sy\/es\/index.php?rest_route=\/wp\/v2\/types\/post"}],"author":[{"embeddable":true,"href":"https:\/\/archive.sana.sy\/es\/index.php?rest_route=\/wp\/v2\/users\/1"}],"replies":[{"embeddable":true,"href":"https:\/\/archive.sana.sy\/es\/index.php?rest_route=%2Fwp%2Fv2%2Fcomments&post=15345"}],"version-history":[{"count":0,"href":"https:\/\/archive.sana.sy\/es\/index.php?rest_route=\/wp\/v2\/posts\/15345\/revisions"}],"wp:featuredmedia":[{"embeddable":true,"href":"https:\/\/archive.sana.sy\/es\/index.php?rest_route=\/wp\/v2\/media\/15346"}],"wp:attachment":[{"href":"https:\/\/archive.sana.sy\/es\/index.php?rest_route=%2Fwp%2Fv2%2Fmedia&parent=15345"}],"wp:term":[{"taxonomy":"category","embeddable":true,"href":"https:\/\/archive.sana.sy\/es\/index.php?rest_route=%2Fwp%2Fv2%2Fcategories&post=15345"},{"taxonomy":"post_tag","embeddable":true,"href":"https:\/\/archive.sana.sy\/es\/index.php?rest_route=%2Fwp%2Fv2%2Ftags&post=15345"}],"curies":[{"name":"wp","href":"https:\/\/api.w.org\/{rel}","templated":true}]}}