{"id":153647,"date":"2020-09-23T12:37:42","date_gmt":"2020-09-23T09:37:42","guid":{"rendered":"http:\/\/sana.sy\/es\/?p=153647"},"modified":"2023-01-10T15:14:49","modified_gmt":"2023-01-10T13:14:49","slug":"aumenta-esta-temporada-produccion-de-uvas-de-la-provincia-surena-de-quneitra","status":"publish","type":"post","link":"https:\/\/archive.sana.sy\/es\/?p=153647","title":{"rendered":"Aumenta esta temporada producci\u00f3n de uvas de la provincia sure\u00f1a de Quneitra"},"content":{"rendered":"<p style=\"text-align: justify\"><span style=\"color: #800000\">Quneitra, SANA<\/span><\/p>\n<p style=\"text-align: justify\">La Direcci\u00f3n de Agricultura de Quneitra estim\u00f3 la producci\u00f3n de uvas de la provincia durante la temporada actual en 2 mil y 800 toneladas.<\/p>\n<p style=\"text-align: justify\">El director de Agricultura, Hussein Slan, inform\u00f3 que el cultivo de uvas se centra en las aldeas de Hadar, Mazarea al-Amal, Khan Arnabeh, Ybba, al-Hals y Al-Koum situadas al norte de la provincia.<\/p>\n<p style=\"text-align: justify\">Precis\u00f3 que unas 150 mil y 754 vi\u00f1as se extienden en una superficie total de 3 mil y 136 dunumas en la provincia.<\/p>\n<p style=\"text-align: justify\">En la temporada anterior, la provincia sure\u00f1a produjo alrededor de 840 toneladas de uvas.<\/p>\n<p style=\"text-align: justify\"><span style=\"color: #0000ff\"><em>l.a.<\/em><\/span><\/p>\n","protected":false},"excerpt":{"rendered":"<p>Quneitra, SANA La Direcci\u00f3n de Agricultura de Quneitra estim\u00f3 la producci\u00f3n de uvas de la provincia durante la temporada actual en 2 mil y 800 toneladas. El director de Agricultura, Hussein Slan, inform\u00f3 que el cultivo de uvas se centra en las aldeas de Hadar, Mazarea al-Amal, Khan Arnabeh, Ybba, al-Hals y Al-Koum situadas al &hellip;<\/p>\n","protected":false},"author":24,"featured_media":153666,"comment_status":"closed","ping_status":"closed","sticky":false,"template":"","format":"standard","meta":{"footnotes":""},"categories":[597,16686,485,7541],"tags":[],"class_list":["post-153647","post","type-post","status-publish","format-standard","has-post-thumbnail","","category-cinta-de-noticias","category-economia","category-informes-negocios-y-finanzas","category-ultimas-noticias"],"_links":{"self":[{"href":"https:\/\/archive.sana.sy\/es\/index.php?rest_route=\/wp\/v2\/posts\/153647"}],"collection":[{"href":"https:\/\/archive.sana.sy\/es\/index.php?rest_route=\/wp\/v2\/posts"}],"about":[{"href":"https:\/\/archive.sana.sy\/es\/index.php?rest_route=\/wp\/v2\/types\/post"}],"author":[{"embeddable":true,"href":"https:\/\/archive.sana.sy\/es\/index.php?rest_route=\/wp\/v2\/users\/24"}],"replies":[{"embeddable":true,"href":"https:\/\/archive.sana.sy\/es\/index.php?rest_route=%2Fwp%2Fv2%2Fcomments&post=153647"}],"version-history":[{"count":0,"href":"https:\/\/archive.sana.sy\/es\/index.php?rest_route=\/wp\/v2\/posts\/153647\/revisions"}],"wp:featuredmedia":[{"embeddable":true,"href":"https:\/\/archive.sana.sy\/es\/index.php?rest_route=\/wp\/v2\/media\/153666"}],"wp:attachment":[{"href":"https:\/\/archive.sana.sy\/es\/index.php?rest_route=%2Fwp%2Fv2%2Fmedia&parent=153647"}],"wp:term":[{"taxonomy":"category","embeddable":true,"href":"https:\/\/archive.sana.sy\/es\/index.php?rest_route=%2Fwp%2Fv2%2Fcategories&post=153647"},{"taxonomy":"post_tag","embeddable":true,"href":"https:\/\/archive.sana.sy\/es\/index.php?rest_route=%2Fwp%2Fv2%2Ftags&post=153647"}],"curies":[{"name":"wp","href":"https:\/\/api.w.org\/{rel}","templated":true}]}}