{"id":15403,"date":"2015-01-03T13:01:08","date_gmt":"2015-01-03T11:01:08","guid":{"rendered":"http:\/\/www.sana.sy\/es\/?p=15403"},"modified":"2015-01-03T15:04:03","modified_gmt":"2015-01-03T13:04:03","slug":"policia-malaya-arresta-a-dos-personas-que-pretendian-unirse-a-la-organizacion-terrorista-del-ei-en-siria","status":"publish","type":"post","link":"https:\/\/archive.sana.sy\/es\/?p=15403","title":{"rendered":"Polic\u00eda malaya arresta a dos personas que pretend\u00edan unirse a la organizaci\u00f3n terrorista del EI en Siria"},"content":{"rendered":"<p>Kuala Lumpur, SANA<br \/>\nLa Polic\u00eda de Malasia detuvo a dos personas en el Aeropuerto Internacional de Kuala Lumpur, acusadas de intentar unirse a la organizaci\u00f3n terrorista del Estado Isl\u00e1mico en Siria y comunicarse con los terroristas a trav\u00e9s de las redes sociales.<br \/>\nLa agencia de noticias malaya \u201cBernama\u201d cit\u00f3 al Inspector General en la Polic\u00eda Malaya, Khaled Abu Bakar, diciendo que &#8220;la polic\u00eda detuvo a los dos acusados (un hombre de 22 a\u00f1os y una mujer de 27 a\u00f1os de edad), los cuales reivindicaban la ideolog\u00eda del EI y se comunicaban con sus terroristas a trav\u00e9s de la red social Facebook.&#8221;<br \/>\nKhaled se\u00f1al\u00f3 que \u201cla mujer arrestada est\u00e1 casada con uno de los terroristas del EI, quien la convenci\u00f3 unirse a la organizaci\u00f3n en Siria\u201d.<br \/>\nCabe resaltar que las autoridades de Malasia han detenido a 51 personas, quienes trataron unirse y ayudar a la organizaci\u00f3n del Estado Isl\u00e1mico en Siria e Irak.<\/p>\n<p>&nbsp;<\/p>\n<p>Fady M., Lynn A.<\/p>\n","protected":false},"excerpt":{"rendered":"<p>Kuala Lumpur, SANA La Polic\u00eda de Malasia detuvo a dos personas en el Aeropuerto Internacional de Kuala Lumpur, acusadas de intentar unirse a la organizaci\u00f3n terrorista del Estado Isl\u00e1mico en Siria y comunicarse con los terroristas a trav\u00e9s de las redes sociales. La agencia de noticias malaya \u201cBernama\u201d cit\u00f3 al Inspector General en la Polic\u00eda &hellip;<\/p>\n","protected":false},"author":24,"featured_media":7611,"comment_status":"closed","ping_status":"closed","sticky":false,"template":"","format":"standard","meta":{"footnotes":""},"categories":[456,457,576],"tags":[],"class_list":["post-15403","post","type-post","status-publish","format-standard","has-post-thumbnail","","category-arabe-internacional-politica","category-noticias-arabe-internacional-politica","category-noticias-politicas"],"_links":{"self":[{"href":"https:\/\/archive.sana.sy\/es\/index.php?rest_route=\/wp\/v2\/posts\/15403"}],"collection":[{"href":"https:\/\/archive.sana.sy\/es\/index.php?rest_route=\/wp\/v2\/posts"}],"about":[{"href":"https:\/\/archive.sana.sy\/es\/index.php?rest_route=\/wp\/v2\/types\/post"}],"author":[{"embeddable":true,"href":"https:\/\/archive.sana.sy\/es\/index.php?rest_route=\/wp\/v2\/users\/24"}],"replies":[{"embeddable":true,"href":"https:\/\/archive.sana.sy\/es\/index.php?rest_route=%2Fwp%2Fv2%2Fcomments&post=15403"}],"version-history":[{"count":0,"href":"https:\/\/archive.sana.sy\/es\/index.php?rest_route=\/wp\/v2\/posts\/15403\/revisions"}],"wp:featuredmedia":[{"embeddable":true,"href":"https:\/\/archive.sana.sy\/es\/index.php?rest_route=\/wp\/v2\/media\/7611"}],"wp:attachment":[{"href":"https:\/\/archive.sana.sy\/es\/index.php?rest_route=%2Fwp%2Fv2%2Fmedia&parent=15403"}],"wp:term":[{"taxonomy":"category","embeddable":true,"href":"https:\/\/archive.sana.sy\/es\/index.php?rest_route=%2Fwp%2Fv2%2Fcategories&post=15403"},{"taxonomy":"post_tag","embeddable":true,"href":"https:\/\/archive.sana.sy\/es\/index.php?rest_route=%2Fwp%2Fv2%2Ftags&post=15403"}],"curies":[{"name":"wp","href":"https:\/\/api.w.org\/{rel}","templated":true}]}}