{"id":154271,"date":"2020-09-29T20:19:28","date_gmt":"2020-09-29T17:19:28","guid":{"rendered":"http:\/\/sana.sy\/es\/?p=154271"},"modified":"2023-01-10T15:14:49","modified_gmt":"2023-01-10T13:14:49","slug":"primer-ministro-reitera-importancia-de-cooperacion-entre-los-sectores-publico-y-privado-para-mitigar-repercusiones-del-terrorismo-economico-impuesto-al-pais","status":"publish","type":"post","link":"https:\/\/archive.sana.sy\/es\/?p=154271","title":{"rendered":"Primer Ministro insta a la cooperaci\u00f3n entre sectores p\u00fablico y privado para mitigar efecto del terrorismo econ\u00f3mico contra Siria"},"content":{"rendered":"<p><span style=\"color: #800000;\">Damasco, SANA<\/span><\/p>\n<p style=\"text-align: justify;\">El primer ministro, Hussein Arnous, sostuvo una reuni\u00f3n con el presidente y miembros de la Junta Directiva de la C\u00e1mara de Industria de la provincia central de Homs.<\/p>\n<p style=\"text-align: justify;\">En la reuni\u00f3n, se abord\u00f3 la importancia de la continua coordinaci\u00f3n entre los organismos gubernamentales y los actores econ\u00f3micos del sector privado para superar los obst\u00e1culos que impiden el reimpulso de la econom\u00eda y la producci\u00f3n en la provincia central.<\/p>\n<p style=\"text-align: justify;\">Se hizo hincapi\u00e9 en la necesidad de brindar todas las facilidades necesarias para que las instalaciones industriales y artesanales afectadas por el terrorismo vuelvan a operar.<\/p>\n<p style=\"text-align: justify;\">En este contexto, el Primer Ministro destac\u00f3 la importancia de la cooperaci\u00f3n entre los sectores p\u00fablico y privado en aras de mitigar las repercusiones negativas del terrorismo econ\u00f3mico ejercido contra el pa\u00eds.<\/p>\n<p style=\"text-align: justify;\">Reiter\u00f3 el apoyo del gobierno al sector privado en funci\u00f3n de producir productos que puedan sustituir a los importados.<\/p>\n<p style=\"text-align: justify;\"><em><span style=\"color: #0000ff;\">la\/fm<\/span><\/em><\/p>\n","protected":false},"excerpt":{"rendered":"<p>Damasco, SANA El primer ministro, Hussein Arnous, sostuvo una reuni\u00f3n con el presidente y miembros de la Junta Directiva de la C\u00e1mara de Industria de la provincia central de Homs. En la reuni\u00f3n, se abord\u00f3 la importancia de la continua coordinaci\u00f3n entre los organismos gubernamentales y los actores econ\u00f3micos del sector privado para superar los &hellip;<\/p>\n","protected":false},"author":24,"featured_media":154272,"comment_status":"closed","ping_status":"closed","sticky":false,"template":"","format":"standard","meta":{"footnotes":""},"categories":[16686,485,7541],"tags":[],"class_list":["post-154271","post","type-post","status-publish","format-standard","has-post-thumbnail","","category-economia","category-informes-negocios-y-finanzas","category-ultimas-noticias"],"_links":{"self":[{"href":"https:\/\/archive.sana.sy\/es\/index.php?rest_route=\/wp\/v2\/posts\/154271"}],"collection":[{"href":"https:\/\/archive.sana.sy\/es\/index.php?rest_route=\/wp\/v2\/posts"}],"about":[{"href":"https:\/\/archive.sana.sy\/es\/index.php?rest_route=\/wp\/v2\/types\/post"}],"author":[{"embeddable":true,"href":"https:\/\/archive.sana.sy\/es\/index.php?rest_route=\/wp\/v2\/users\/24"}],"replies":[{"embeddable":true,"href":"https:\/\/archive.sana.sy\/es\/index.php?rest_route=%2Fwp%2Fv2%2Fcomments&post=154271"}],"version-history":[{"count":0,"href":"https:\/\/archive.sana.sy\/es\/index.php?rest_route=\/wp\/v2\/posts\/154271\/revisions"}],"wp:featuredmedia":[{"embeddable":true,"href":"https:\/\/archive.sana.sy\/es\/index.php?rest_route=\/wp\/v2\/media\/154272"}],"wp:attachment":[{"href":"https:\/\/archive.sana.sy\/es\/index.php?rest_route=%2Fwp%2Fv2%2Fmedia&parent=154271"}],"wp:term":[{"taxonomy":"category","embeddable":true,"href":"https:\/\/archive.sana.sy\/es\/index.php?rest_route=%2Fwp%2Fv2%2Fcategories&post=154271"},{"taxonomy":"post_tag","embeddable":true,"href":"https:\/\/archive.sana.sy\/es\/index.php?rest_route=%2Fwp%2Fv2%2Ftags&post=154271"}],"curies":[{"name":"wp","href":"https:\/\/api.w.org\/{rel}","templated":true}]}}