{"id":154750,"date":"2020-10-04T10:57:57","date_gmt":"2020-10-04T07:57:57","guid":{"rendered":"http:\/\/sana.sy\/es\/?p=154750"},"modified":"2020-10-04T10:57:57","modified_gmt":"2020-10-04T07:57:57","slug":"nuevo-embajador-de-oman-ante-siria-entrega-copia-de-sus-cartas-credenciales","status":"publish","type":"post","link":"https:\/\/archive.sana.sy\/es\/?p=154750","title":{"rendered":"Nuevo embajador de Om\u00e1n ante Siria entrega copia de sus cartas credenciales"},"content":{"rendered":"<p style=\"text-align: justify;\"><span style=\"color: #800000;\"><strong>Damasco, SANA<\/strong><\/span><\/p>\n<p style=\"text-align: justify;\">El viceprimer ministro y ministro de Exteriores y Expatriados, Walid Al-Moallem, recibi\u00f3 hoy a Turki Mahmoud Al-Busaidi, quien entreg\u00f3 una copia de sus credenciales como Embajador Extraordinario y Plenipotenciario del Sultanato de Om\u00e1n en la Rep\u00fablica \u00c1rabe Siria.<\/p>\n<p style=\"text-align: justify;\">Al-Moallem convers\u00f3 con el nuevo embajador sobre las relaciones bilaterales y las v\u00edas para mejorar y desarrollar la cooperaci\u00f3n en diversos campos, y por el bien de ambos pueblos hermanos.<\/p>\n<p style=\"text-align: justify;\"><strong><span style=\"color: #0000ff;\">fm\/ed<\/span><\/strong><\/p>\n","protected":false},"excerpt":{"rendered":"<p>Damasco, SANA El viceprimer ministro y ministro de Exteriores y Expatriados, Walid Al-Moallem, recibi\u00f3 hoy a Turki Mahmoud Al-Busaidi, quien entreg\u00f3 una copia de sus credenciales como Embajador Extraordinario y Plenipotenciario del Sultanato de Om\u00e1n en la Rep\u00fablica \u00c1rabe Siria. Al-Moallem convers\u00f3 con el nuevo embajador sobre las relaciones bilaterales y las v\u00edas para mejorar &hellip;<\/p>\n","protected":false},"author":32,"featured_media":154751,"comment_status":"closed","ping_status":"closed","sticky":false,"template":"","format":"standard","meta":{"footnotes":""},"categories":[477,447,597,476,7541],"tags":[],"class_list":["post-154750","post","type-post","status-publish","format-standard","has-post-thumbnail","","category-noticias-edulcorantes","category-local-politica","category-cinta-de-noticias","category-locales","category-ultimas-noticias"],"_links":{"self":[{"href":"https:\/\/archive.sana.sy\/es\/index.php?rest_route=\/wp\/v2\/posts\/154750"}],"collection":[{"href":"https:\/\/archive.sana.sy\/es\/index.php?rest_route=\/wp\/v2\/posts"}],"about":[{"href":"https:\/\/archive.sana.sy\/es\/index.php?rest_route=\/wp\/v2\/types\/post"}],"author":[{"embeddable":true,"href":"https:\/\/archive.sana.sy\/es\/index.php?rest_route=\/wp\/v2\/users\/32"}],"replies":[{"embeddable":true,"href":"https:\/\/archive.sana.sy\/es\/index.php?rest_route=%2Fwp%2Fv2%2Fcomments&post=154750"}],"version-history":[{"count":0,"href":"https:\/\/archive.sana.sy\/es\/index.php?rest_route=\/wp\/v2\/posts\/154750\/revisions"}],"wp:featuredmedia":[{"embeddable":true,"href":"https:\/\/archive.sana.sy\/es\/index.php?rest_route=\/wp\/v2\/media\/154751"}],"wp:attachment":[{"href":"https:\/\/archive.sana.sy\/es\/index.php?rest_route=%2Fwp%2Fv2%2Fmedia&parent=154750"}],"wp:term":[{"taxonomy":"category","embeddable":true,"href":"https:\/\/archive.sana.sy\/es\/index.php?rest_route=%2Fwp%2Fv2%2Fcategories&post=154750"},{"taxonomy":"post_tag","embeddable":true,"href":"https:\/\/archive.sana.sy\/es\/index.php?rest_route=%2Fwp%2Fv2%2Ftags&post=154750"}],"curies":[{"name":"wp","href":"https:\/\/api.w.org\/{rel}","templated":true}]}}