{"id":154783,"date":"2020-10-04T14:08:20","date_gmt":"2020-10-04T11:08:20","guid":{"rendered":"http:\/\/sana.sy\/es\/?p=154783"},"modified":"2020-10-04T14:08:20","modified_gmt":"2020-10-04T11:08:20","slug":"la-milicia-fds-secuestra-a-dos-jovenes-en-tal-hamis-hasakeh","status":"publish","type":"post","link":"https:\/\/archive.sana.sy\/es\/?p=154783","title":{"rendered":"La milicia FDS secuestra a dos j\u00f3venes en Tal Hamis, Hasakeh"},"content":{"rendered":"<p style=\"text-align: justify;\"><strong><span style=\"color: #800000;\">Hasakeh, SANA<\/span><\/strong><\/p>\n<p style=\"text-align: justify;\">La autoproclamada milicia Fuerzas Democr\u00e1tica de Siria (FDS) persiste en sus cr\u00edmenes contra la poblaci\u00f3n civil en la regi\u00f3n siria de Al-Jazira, y secuestr\u00f3 en las recientes horas a dos j\u00f3venes de la localidad de Tal Hamis, en la provincia nororiental de Hasakeh.<\/p>\n<p style=\"text-align: justify;\">&#8220;La milicia siti\u00f3 el poblado de Hassewah perteneciente a la localidad de Tal Hamis en el este de Hasakeh, donde allan\u00f3 una casa y secuestr\u00f3 a dos j\u00f3venes, y los llev\u00f3 a un paradero desconocido&#8221;, informaron activistas locales.<\/p>\n<p style=\"text-align: justify;\">\u201cLa FDS est\u00e1 llevando a cabo una campa\u00f1a sistem\u00e1tica de secuestros contra los j\u00f3venes de la regi\u00f3n de Al-Jazira para obligarlos a tomar las armas y combatir en sus filas\u201d, precisaron los activistas.<\/p>\n<p style=\"text-align: justify;\">Asimismo, armados de la referida milicia asaltaron el campamento Al-Hol donde llevaron a cabo campa\u00f1a de inspecci\u00f3n en b\u00fasqueda de armas y municiones tras reportar un aumento en los cr\u00edmenes y asesinato en dicho campamento.<\/p>\n<p style=\"text-align: justify;\">Washington y su milicia FDS retienen desde hace cinco a\u00f1os en el campamento Al-Hol a decenas de miles de desplazados sirios que viven en una p\u00e9sima situaci\u00f3n por la falta de agua, higiene y alimentos.<\/p>\n<p style=\"text-align: justify;\"><span style=\"color: #0000ff;\"><strong>fm\/ ed<\/strong><\/span><\/p>\n","protected":false},"excerpt":{"rendered":"<p>Hasakeh, SANA La autoproclamada milicia Fuerzas Democr\u00e1tica de Siria (FDS) persiste en sus cr\u00edmenes contra la poblaci\u00f3n civil en la regi\u00f3n siria de Al-Jazira, y secuestr\u00f3 en las recientes horas a dos j\u00f3venes de la localidad de Tal Hamis, en la provincia nororiental de Hasakeh. &#8220;La milicia siti\u00f3 el poblado de Hassewah perteneciente a la &hellip;<\/p>\n","protected":false},"author":32,"featured_media":154784,"comment_status":"closed","ping_status":"closed","sticky":false,"template":"","format":"standard","meta":{"footnotes":""},"categories":[477,597,573,476,7541],"tags":[],"class_list":["post-154783","post","type-post","status-publish","format-standard","has-post-thumbnail","","category-noticias-edulcorantes","category-cinta-de-noticias","category-la-realidad-de-los-acontecimientos-en-siria","category-locales","category-ultimas-noticias"],"_links":{"self":[{"href":"https:\/\/archive.sana.sy\/es\/index.php?rest_route=\/wp\/v2\/posts\/154783"}],"collection":[{"href":"https:\/\/archive.sana.sy\/es\/index.php?rest_route=\/wp\/v2\/posts"}],"about":[{"href":"https:\/\/archive.sana.sy\/es\/index.php?rest_route=\/wp\/v2\/types\/post"}],"author":[{"embeddable":true,"href":"https:\/\/archive.sana.sy\/es\/index.php?rest_route=\/wp\/v2\/users\/32"}],"replies":[{"embeddable":true,"href":"https:\/\/archive.sana.sy\/es\/index.php?rest_route=%2Fwp%2Fv2%2Fcomments&post=154783"}],"version-history":[{"count":0,"href":"https:\/\/archive.sana.sy\/es\/index.php?rest_route=\/wp\/v2\/posts\/154783\/revisions"}],"wp:featuredmedia":[{"embeddable":true,"href":"https:\/\/archive.sana.sy\/es\/index.php?rest_route=\/wp\/v2\/media\/154784"}],"wp:attachment":[{"href":"https:\/\/archive.sana.sy\/es\/index.php?rest_route=%2Fwp%2Fv2%2Fmedia&parent=154783"}],"wp:term":[{"taxonomy":"category","embeddable":true,"href":"https:\/\/archive.sana.sy\/es\/index.php?rest_route=%2Fwp%2Fv2%2Fcategories&post=154783"},{"taxonomy":"post_tag","embeddable":true,"href":"https:\/\/archive.sana.sy\/es\/index.php?rest_route=%2Fwp%2Fv2%2Ftags&post=154783"}],"curies":[{"name":"wp","href":"https:\/\/api.w.org\/{rel}","templated":true}]}}