{"id":154786,"date":"2020-10-04T14:14:01","date_gmt":"2020-10-04T11:14:01","guid":{"rendered":"http:\/\/sana.sy\/es\/?p=154786"},"modified":"2023-01-12T14:42:59","modified_gmt":"2023-01-12T12:42:59","slug":"arrestan-un-cabecilla-del-daesh-en-la-capital-iraqui","status":"publish","type":"post","link":"https:\/\/archive.sana.sy\/es\/?p=154786","title":{"rendered":"Arrestan un cabecilla del Daesh en la capital iraqu\u00ed"},"content":{"rendered":"<p style=\"text-align: justify;\"><strong><span style=\"color: #800000;\">Bagdad, SANA <\/span><\/strong><\/p>\n<p style=\"text-align: justify;\">Las fuerzas de seguridad iraqu\u00edes arrestaron a dos terroristas del Daesh durante una operaci\u00f3n de seguridad al sur de la capital, Bagdad.<\/p>\n<p style=\"text-align: justify;\">El Portal de noticias Al-Sumar\u00eda inform\u00f3 que la Inteligencia iraqu\u00ed logr\u00f3 detener al responsable de inteligencia del Daesh, Abu Salem Al-Mawla, y a su ayudante en una operaci\u00f3n de seguridad al sur de Bagdad&#8221;.<\/p>\n<p style=\"text-align: justify;\">Agreg\u00f3 que los arrestados confesaron que pertenecen al Daesh y que participaron en varias operaciones terroristas contra las fuerzas de seguridad y los ciudadanos.<\/p>\n<p style=\"text-align: justify;\"><strong><span style=\"color: #0000ff;\">ed\/fm<\/span><\/strong><\/p>\n","protected":false},"excerpt":{"rendered":"<p>Bagdad, SANA Las fuerzas de seguridad iraqu\u00edes arrestaron a dos terroristas del Daesh durante una operaci\u00f3n de seguridad al sur de la capital, Bagdad. El Portal de noticias Al-Sumar\u00eda inform\u00f3 que la Inteligencia iraqu\u00ed logr\u00f3 detener al responsable de inteligencia del Daesh, Abu Salem Al-Mawla, y a su ayudante en una operaci\u00f3n de seguridad al &hellip;<\/p>\n","protected":false},"author":32,"featured_media":154787,"comment_status":"closed","ping_status":"closed","sticky":false,"template":"","format":"standard","meta":{"footnotes":""},"categories":[597,456],"tags":[],"class_list":["post-154786","post","type-post","status-publish","format-standard","has-post-thumbnail","","category-cinta-de-noticias","category-arabe-internacional-politica"],"_links":{"self":[{"href":"https:\/\/archive.sana.sy\/es\/index.php?rest_route=\/wp\/v2\/posts\/154786"}],"collection":[{"href":"https:\/\/archive.sana.sy\/es\/index.php?rest_route=\/wp\/v2\/posts"}],"about":[{"href":"https:\/\/archive.sana.sy\/es\/index.php?rest_route=\/wp\/v2\/types\/post"}],"author":[{"embeddable":true,"href":"https:\/\/archive.sana.sy\/es\/index.php?rest_route=\/wp\/v2\/users\/32"}],"replies":[{"embeddable":true,"href":"https:\/\/archive.sana.sy\/es\/index.php?rest_route=%2Fwp%2Fv2%2Fcomments&post=154786"}],"version-history":[{"count":0,"href":"https:\/\/archive.sana.sy\/es\/index.php?rest_route=\/wp\/v2\/posts\/154786\/revisions"}],"wp:featuredmedia":[{"embeddable":true,"href":"https:\/\/archive.sana.sy\/es\/index.php?rest_route=\/wp\/v2\/media\/154787"}],"wp:attachment":[{"href":"https:\/\/archive.sana.sy\/es\/index.php?rest_route=%2Fwp%2Fv2%2Fmedia&parent=154786"}],"wp:term":[{"taxonomy":"category","embeddable":true,"href":"https:\/\/archive.sana.sy\/es\/index.php?rest_route=%2Fwp%2Fv2%2Fcategories&post=154786"},{"taxonomy":"post_tag","embeddable":true,"href":"https:\/\/archive.sana.sy\/es\/index.php?rest_route=%2Fwp%2Fv2%2Ftags&post=154786"}],"curies":[{"name":"wp","href":"https:\/\/api.w.org\/{rel}","templated":true}]}}