{"id":154792,"date":"2020-10-04T16:49:23","date_gmt":"2020-10-04T13:49:23","guid":{"rendered":"http:\/\/sana.sy\/es\/?p=154792"},"modified":"2023-01-10T14:31:34","modified_gmt":"2023-01-10T12:31:34","slug":"finalizan-obras-de-rehabilitacion-del-hospital-materno-de-deraa","status":"publish","type":"post","link":"https:\/\/archive.sana.sy\/es\/?p=154792","title":{"rendered":"Finalizan obras de rehabilitaci\u00f3n del hospital materno de Deraa"},"content":{"rendered":"<p style=\"text-align: justify;\"><span style=\"color: #800000;\"><strong>Deraa, SANA<\/strong><\/span><\/p>\n<p style=\"text-align: justify;\">Concluyeron las obras rehabilitaci\u00f3n del hospital materno en la provincia sure\u00f1a de Deraa, que hab\u00eda sufrido severos da\u00f1os materiales a consecuencia de ataques y acciones terroristas.<\/p>\n<p style=\"text-align: justify;\">En declaraciones a SANA, el Director General del Hospital de Deraa, Bassam al-Hariri, dijo que \u201cla instalaci\u00f3n m\u00e9dica sufri\u00f3 destrucci\u00f3n durante los a\u00f1os de la guerra terrorista en Siria y fue rehabilitada con el apoyo del Programa de las Naciones Unidas para el Desarrollo y la Federaci\u00f3n de Rusia\u201d.<\/p>\n<p style=\"text-align: justify;\">Indic\u00f3 que el hospital tiene una capacidad de 45 camas e incluye dos quir\u00f3fanos, cuatro salas de parto y dos cl\u00ednicas para mujeres embarazadas.<\/p>\n<p style=\"text-align: justify;\">El hospital atiende a todas las regiones en la provincia de Deraa y es el \u00fanico de su tipo especializado en ginecolog\u00eda.<\/p>\n<p style=\"text-align: justify;\"><span style=\"color: #0000ff;\"><strong>fm<\/strong><\/span><\/p>\n<div id='gallery-1' class='gallery galleryid-154792 gallery-columns-1 gallery-size-full'><figure class='gallery-item'>\n\t\t\t<div class='gallery-icon landscape'>\n\t\t\t\t<a href='https:\/\/archive.sana.sy\/es\/wp-content\/uploads\/2020\/10\/72.jpg'><img loading=\"lazy\" decoding=\"async\" width=\"660\" height=\"440\" src=\"https:\/\/archive.sana.sy\/es\/wp-content\/uploads\/2020\/10\/72.jpg\" class=\"attachment-full size-full\" alt=\"\" srcset=\"https:\/\/archive.sana.sy\/es\/wp-content\/uploads\/2020\/10\/72.jpg 660w, https:\/\/archive.sana.sy\/es\/wp-content\/uploads\/2020\/10\/72-300x200.jpg 300w, https:\/\/archive.sana.sy\/es\/wp-content\/uploads\/2020\/10\/72-150x100.jpg 150w\" sizes=\"(max-width: 660px) 100vw, 660px\" \/><\/a>\n\t\t\t<\/div><\/figure><figure class='gallery-item'>\n\t\t\t<div class='gallery-icon landscape'>\n\t\t\t\t<a href='https:\/\/archive.sana.sy\/es\/wp-content\/uploads\/2020\/10\/74.jpg'><img loading=\"lazy\" decoding=\"async\" width=\"660\" height=\"389\" src=\"https:\/\/archive.sana.sy\/es\/wp-content\/uploads\/2020\/10\/74.jpg\" class=\"attachment-full size-full\" alt=\"\" srcset=\"https:\/\/archive.sana.sy\/es\/wp-content\/uploads\/2020\/10\/74.jpg 660w, https:\/\/archive.sana.sy\/es\/wp-content\/uploads\/2020\/10\/74-300x177.jpg 300w, https:\/\/archive.sana.sy\/es\/wp-content\/uploads\/2020\/10\/74-150x88.jpg 150w\" sizes=\"(max-width: 660px) 100vw, 660px\" \/><\/a>\n\t\t\t<\/div><\/figure>\n\t\t<\/div>\n\n","protected":false},"excerpt":{"rendered":"<p>Deraa, SANA Concluyeron las obras rehabilitaci\u00f3n del hospital materno en la provincia sure\u00f1a de Deraa, que hab\u00eda sufrido severos da\u00f1os materiales a consecuencia de ataques y acciones terroristas. En declaraciones a SANA, el Director General del Hospital de Deraa, Bassam al-Hariri, dijo que \u201cla instalaci\u00f3n m\u00e9dica sufri\u00f3 destrucci\u00f3n durante los a\u00f1os de la guerra terrorista &hellip;<\/p>\n","protected":false},"author":34,"featured_media":154793,"comment_status":"closed","ping_status":"closed","sticky":false,"template":"","format":"standard","meta":{"footnotes":""},"categories":[447,477,597,476,457,7541],"tags":[],"class_list":["post-154792","post","type-post","status-publish","format-standard","has-post-thumbnail","","category-local-politica","category-noticias-edulcorantes","category-cinta-de-noticias","category-locales","category-noticias-arabe-internacional-politica","category-ultimas-noticias"],"_links":{"self":[{"href":"https:\/\/archive.sana.sy\/es\/index.php?rest_route=\/wp\/v2\/posts\/154792"}],"collection":[{"href":"https:\/\/archive.sana.sy\/es\/index.php?rest_route=\/wp\/v2\/posts"}],"about":[{"href":"https:\/\/archive.sana.sy\/es\/index.php?rest_route=\/wp\/v2\/types\/post"}],"author":[{"embeddable":true,"href":"https:\/\/archive.sana.sy\/es\/index.php?rest_route=\/wp\/v2\/users\/34"}],"replies":[{"embeddable":true,"href":"https:\/\/archive.sana.sy\/es\/index.php?rest_route=%2Fwp%2Fv2%2Fcomments&post=154792"}],"version-history":[{"count":0,"href":"https:\/\/archive.sana.sy\/es\/index.php?rest_route=\/wp\/v2\/posts\/154792\/revisions"}],"wp:featuredmedia":[{"embeddable":true,"href":"https:\/\/archive.sana.sy\/es\/index.php?rest_route=\/wp\/v2\/media\/154793"}],"wp:attachment":[{"href":"https:\/\/archive.sana.sy\/es\/index.php?rest_route=%2Fwp%2Fv2%2Fmedia&parent=154792"}],"wp:term":[{"taxonomy":"category","embeddable":true,"href":"https:\/\/archive.sana.sy\/es\/index.php?rest_route=%2Fwp%2Fv2%2Fcategories&post=154792"},{"taxonomy":"post_tag","embeddable":true,"href":"https:\/\/archive.sana.sy\/es\/index.php?rest_route=%2Fwp%2Fv2%2Ftags&post=154792"}],"curies":[{"name":"wp","href":"https:\/\/api.w.org\/{rel}","templated":true}]}}