{"id":154831,"date":"2020-10-04T12:21:47","date_gmt":"2020-10-04T09:21:47","guid":{"rendered":"http:\/\/sana.sy\/es\/?p=154831"},"modified":"2020-10-04T21:23:58","modified_gmt":"2020-10-04T18:23:58","slug":"provincia-de-quneitra-estima-en-4-866-toneladas-la-produccion-de-manzanas","status":"publish","type":"post","link":"https:\/\/archive.sana.sy\/es\/?p=154831","title":{"rendered":"Provincia de Quneitra estima en 4.866 toneladas la producci\u00f3n de manzanas"},"content":{"rendered":"<p style=\"text-align: justify;\"><strong><span style=\"color: #800000;\">Quneitra, SANA<\/span><\/strong><\/p>\n<p style=\"text-align: justify;\">El Departamento de Agricultura de la provincia sure\u00f1a de Quneitra estim\u00f3 la producci\u00f3n de manzana para la actual temporada en unas 4.866 toneladas.<\/p>\n<p style=\"text-align: justify;\">En una declaraci\u00f3n al reportero de SANA, el jefe de la Direcci\u00f3n de Agricultura en Quneitra, Hussein Salan dijo que el cultivo de manzanas se concentra en la parte norte de la provincia debido al clima fr\u00edo que el manzano necesita.<\/p>\n<p style=\"text-align: justify;\">Alrededor de 7.750 dunums se cultivan con manzanos en su mayor\u00eda de secano, donde el \u00e1rea total de manzanales de secano suma los 5.816 dunums.<\/p>\n<p style=\"text-align: justify;\">En la temporada anterior, la producci\u00f3n de manzanas en Quneitra alcanz\u00f3 las 5 mil toneladas.<\/p>\n<p style=\"text-align: justify;\"><span style=\"color: #0000ff;\"><strong>ah\/r.sh<\/strong><\/span><\/p>\n<div id='gallery-1' class='gallery galleryid-154831 gallery-columns-1 gallery-size-full'><figure class='gallery-item'>\n\t\t\t<div class='gallery-icon landscape'>\n\t\t\t\t<a href='https:\/\/archive.sana.sy\/es\/wp-content\/uploads\/2020\/10\/30-1.jpg'><img loading=\"lazy\" decoding=\"async\" width=\"660\" height=\"371\" src=\"https:\/\/archive.sana.sy\/es\/wp-content\/uploads\/2020\/10\/30-1.jpg\" class=\"attachment-full size-full\" alt=\"\" srcset=\"https:\/\/archive.sana.sy\/es\/wp-content\/uploads\/2020\/10\/30-1.jpg 660w, https:\/\/archive.sana.sy\/es\/wp-content\/uploads\/2020\/10\/30-1-300x169.jpg 300w, https:\/\/archive.sana.sy\/es\/wp-content\/uploads\/2020\/10\/30-1-150x84.jpg 150w\" sizes=\"(max-width: 660px) 100vw, 660px\" \/><\/a>\n\t\t\t<\/div><\/figure><figure class='gallery-item'>\n\t\t\t<div class='gallery-icon landscape'>\n\t\t\t\t<a href='https:\/\/archive.sana.sy\/es\/wp-content\/uploads\/2020\/10\/32.jpg'><img loading=\"lazy\" decoding=\"async\" width=\"660\" height=\"371\" src=\"https:\/\/archive.sana.sy\/es\/wp-content\/uploads\/2020\/10\/32.jpg\" class=\"attachment-full size-full\" alt=\"\" srcset=\"https:\/\/archive.sana.sy\/es\/wp-content\/uploads\/2020\/10\/32.jpg 660w, https:\/\/archive.sana.sy\/es\/wp-content\/uploads\/2020\/10\/32-300x169.jpg 300w, https:\/\/archive.sana.sy\/es\/wp-content\/uploads\/2020\/10\/32-150x84.jpg 150w\" sizes=\"(max-width: 660px) 100vw, 660px\" \/><\/a>\n\t\t\t<\/div><\/figure><figure class='gallery-item'>\n\t\t\t<div class='gallery-icon landscape'>\n\t\t\t\t<a href='https:\/\/archive.sana.sy\/es\/wp-content\/uploads\/2020\/10\/31.jpg'><img loading=\"lazy\" decoding=\"async\" width=\"660\" height=\"371\" src=\"https:\/\/archive.sana.sy\/es\/wp-content\/uploads\/2020\/10\/31.jpg\" class=\"attachment-full size-full\" alt=\"\" srcset=\"https:\/\/archive.sana.sy\/es\/wp-content\/uploads\/2020\/10\/31.jpg 660w, https:\/\/archive.sana.sy\/es\/wp-content\/uploads\/2020\/10\/31-300x169.jpg 300w, https:\/\/archive.sana.sy\/es\/wp-content\/uploads\/2020\/10\/31-150x84.jpg 150w\" sizes=\"(max-width: 660px) 100vw, 660px\" \/><\/a>\n\t\t\t<\/div><\/figure>\n\t\t<\/div>\n\n","protected":false},"excerpt":{"rendered":"<p>Quneitra, SANA El Departamento de Agricultura de la provincia sure\u00f1a de Quneitra estim\u00f3 la producci\u00f3n de manzana para la actual temporada en unas 4.866 toneladas. En una declaraci\u00f3n al reportero de SANA, el jefe de la Direcci\u00f3n de Agricultura en Quneitra, Hussein Salan dijo que el cultivo de manzanas se concentra en la parte norte &hellip;<\/p>\n","protected":false},"author":30,"featured_media":154835,"comment_status":"closed","ping_status":"closed","sticky":false,"template":"","format":"standard","meta":{"footnotes":""},"categories":[597,476,7541],"tags":[],"class_list":["post-154831","post","type-post","status-publish","format-standard","has-post-thumbnail","","category-cinta-de-noticias","category-locales","category-ultimas-noticias"],"_links":{"self":[{"href":"https:\/\/archive.sana.sy\/es\/index.php?rest_route=\/wp\/v2\/posts\/154831"}],"collection":[{"href":"https:\/\/archive.sana.sy\/es\/index.php?rest_route=\/wp\/v2\/posts"}],"about":[{"href":"https:\/\/archive.sana.sy\/es\/index.php?rest_route=\/wp\/v2\/types\/post"}],"author":[{"embeddable":true,"href":"https:\/\/archive.sana.sy\/es\/index.php?rest_route=\/wp\/v2\/users\/30"}],"replies":[{"embeddable":true,"href":"https:\/\/archive.sana.sy\/es\/index.php?rest_route=%2Fwp%2Fv2%2Fcomments&post=154831"}],"version-history":[{"count":0,"href":"https:\/\/archive.sana.sy\/es\/index.php?rest_route=\/wp\/v2\/posts\/154831\/revisions"}],"wp:featuredmedia":[{"embeddable":true,"href":"https:\/\/archive.sana.sy\/es\/index.php?rest_route=\/wp\/v2\/media\/154835"}],"wp:attachment":[{"href":"https:\/\/archive.sana.sy\/es\/index.php?rest_route=%2Fwp%2Fv2%2Fmedia&parent=154831"}],"wp:term":[{"taxonomy":"category","embeddable":true,"href":"https:\/\/archive.sana.sy\/es\/index.php?rest_route=%2Fwp%2Fv2%2Fcategories&post=154831"},{"taxonomy":"post_tag","embeddable":true,"href":"https:\/\/archive.sana.sy\/es\/index.php?rest_route=%2Fwp%2Fv2%2Ftags&post=154831"}],"curies":[{"name":"wp","href":"https:\/\/api.w.org\/{rel}","templated":true}]}}