{"id":155010,"date":"2020-10-06T14:00:16","date_gmt":"2020-10-06T11:00:16","guid":{"rendered":"http:\/\/sana.sy\/es\/?p=155010"},"modified":"2020-10-06T14:55:25","modified_gmt":"2020-10-06T11:55:25","slug":"concluyo-tercera-jornada-de-la-competencia-de-ciclismo-senderos-de-octubre-fotos","status":"publish","type":"post","link":"https:\/\/archive.sana.sy\/es\/?p=155010","title":{"rendered":"Concluy\u00f3 tercera jornada de la competencia de ciclismo &#8220;Senderos de Octubre\u201d. (fotos)"},"content":{"rendered":"<p style=\"text-align: justify;\"><strong><span style=\"color: #800000;\">Latakia, SANA<\/span><\/strong><\/p>\n<p style=\"text-align: justify;\">Concluy\u00f3 este martes la \u00faltima etapa de la competencia de ciclismo \u201cSenderos de Octubre\u201d con una carrera que incluy\u00f3 un trayecto de un kil\u00f3metro.<\/p>\n<p style=\"text-align: justify;\">La competencia que recibi\u00f3 una amplia cobertura medi\u00e1tica local, \u00e1rabe e internacional, finaliza hoy con la condecoraci\u00f3n de los ganadores.<\/p>\n<p style=\"text-align: justify;\">El torneo que organizan la Federaci\u00f3n General del Deporte en colaboraci\u00f3n con el Ministerio de Turismo, transmite un mensaje sobre la recuperaci\u00f3n de Siria tras las victorias logradas por el Ej\u00e9rcito \u00c1rabe Sirio y la firmeza de su pueblo ante la guerra terrorista.<\/p>\n<p style=\"text-align: justify;\">Participan en el evento deportivo 165 ciclistas de Siria, Rusia, Tartarist\u00e1n, L\u00edbano, T\u00fanez y Palestina.<\/p>\n<p style=\"text-align: justify;\"><strong><span style=\"color: #0000ff;\">ed\/ fm<\/span><\/strong><\/p>\n<div id='gallery-1' class='gallery galleryid-155010 gallery-columns-1 gallery-size-full'><figure class='gallery-item'>\n\t\t\t<div class='gallery-icon landscape'>\n\t\t\t\t<a href='https:\/\/archive.sana.sy\/es\/wp-content\/uploads\/2020\/10\/1c.jpg'><img loading=\"lazy\" decoding=\"async\" width=\"660\" height=\"371\" src=\"https:\/\/archive.sana.sy\/es\/wp-content\/uploads\/2020\/10\/1c.jpg\" class=\"attachment-full size-full\" alt=\"\" srcset=\"https:\/\/archive.sana.sy\/es\/wp-content\/uploads\/2020\/10\/1c.jpg 660w, https:\/\/archive.sana.sy\/es\/wp-content\/uploads\/2020\/10\/1c-300x169.jpg 300w, https:\/\/archive.sana.sy\/es\/wp-content\/uploads\/2020\/10\/1c-150x84.jpg 150w\" sizes=\"(max-width: 660px) 100vw, 660px\" \/><\/a>\n\t\t\t<\/div><\/figure><figure class='gallery-item'>\n\t\t\t<div class='gallery-icon landscape'>\n\t\t\t\t<a href='https:\/\/archive.sana.sy\/es\/wp-content\/uploads\/2020\/10\/22.jpg'><img loading=\"lazy\" decoding=\"async\" width=\"660\" height=\"471\" src=\"https:\/\/archive.sana.sy\/es\/wp-content\/uploads\/2020\/10\/22.jpg\" class=\"attachment-full size-full\" alt=\"\" srcset=\"https:\/\/archive.sana.sy\/es\/wp-content\/uploads\/2020\/10\/22.jpg 660w, https:\/\/archive.sana.sy\/es\/wp-content\/uploads\/2020\/10\/22-300x214.jpg 300w, https:\/\/archive.sana.sy\/es\/wp-content\/uploads\/2020\/10\/22-150x107.jpg 150w\" sizes=\"(max-width: 660px) 100vw, 660px\" \/><\/a>\n\t\t\t<\/div><\/figure><figure class='gallery-item'>\n\t\t\t<div class='gallery-icon landscape'>\n\t\t\t\t<a href='https:\/\/archive.sana.sy\/es\/wp-content\/uploads\/2020\/10\/33.jpg'><img loading=\"lazy\" decoding=\"async\" width=\"660\" height=\"442\" src=\"https:\/\/archive.sana.sy\/es\/wp-content\/uploads\/2020\/10\/33.jpg\" class=\"attachment-full size-full\" alt=\"\" srcset=\"https:\/\/archive.sana.sy\/es\/wp-content\/uploads\/2020\/10\/33.jpg 660w, https:\/\/archive.sana.sy\/es\/wp-content\/uploads\/2020\/10\/33-300x201.jpg 300w, https:\/\/archive.sana.sy\/es\/wp-content\/uploads\/2020\/10\/33-150x100.jpg 150w, https:\/\/archive.sana.sy\/es\/wp-content\/uploads\/2020\/10\/33-110x75.jpg 110w\" sizes=\"(max-width: 660px) 100vw, 660px\" \/><\/a>\n\t\t\t<\/div><\/figure>\n\t\t<\/div>\n\n","protected":false},"excerpt":{"rendered":"<p>Latakia, SANA Concluy\u00f3 este martes la \u00faltima etapa de la competencia de ciclismo \u201cSenderos de Octubre\u201d con una carrera que incluy\u00f3 un trayecto de un kil\u00f3metro. La competencia que recibi\u00f3 una amplia cobertura medi\u00e1tica local, \u00e1rabe e internacional, finaliza hoy con la condecoraci\u00f3n de los ganadores. El torneo que organizan la Federaci\u00f3n General del Deporte &hellip;<\/p>\n","protected":false},"author":32,"featured_media":155011,"comment_status":"closed","ping_status":"closed","sticky":false,"template":"","format":"standard","meta":{"footnotes":""},"categories":[597,494,7541],"tags":[],"class_list":["post-155010","post","type-post","status-publish","format-standard","has-post-thumbnail","","category-cinta-de-noticias","category-deportes","category-ultimas-noticias"],"_links":{"self":[{"href":"https:\/\/archive.sana.sy\/es\/index.php?rest_route=\/wp\/v2\/posts\/155010"}],"collection":[{"href":"https:\/\/archive.sana.sy\/es\/index.php?rest_route=\/wp\/v2\/posts"}],"about":[{"href":"https:\/\/archive.sana.sy\/es\/index.php?rest_route=\/wp\/v2\/types\/post"}],"author":[{"embeddable":true,"href":"https:\/\/archive.sana.sy\/es\/index.php?rest_route=\/wp\/v2\/users\/32"}],"replies":[{"embeddable":true,"href":"https:\/\/archive.sana.sy\/es\/index.php?rest_route=%2Fwp%2Fv2%2Fcomments&post=155010"}],"version-history":[{"count":0,"href":"https:\/\/archive.sana.sy\/es\/index.php?rest_route=\/wp\/v2\/posts\/155010\/revisions"}],"wp:featuredmedia":[{"embeddable":true,"href":"https:\/\/archive.sana.sy\/es\/index.php?rest_route=\/wp\/v2\/media\/155011"}],"wp:attachment":[{"href":"https:\/\/archive.sana.sy\/es\/index.php?rest_route=%2Fwp%2Fv2%2Fmedia&parent=155010"}],"wp:term":[{"taxonomy":"category","embeddable":true,"href":"https:\/\/archive.sana.sy\/es\/index.php?rest_route=%2Fwp%2Fv2%2Fcategories&post=155010"},{"taxonomy":"post_tag","embeddable":true,"href":"https:\/\/archive.sana.sy\/es\/index.php?rest_route=%2Fwp%2Fv2%2Ftags&post=155010"}],"curies":[{"name":"wp","href":"https:\/\/api.w.org\/{rel}","templated":true}]}}