{"id":155030,"date":"2020-10-06T15:29:33","date_gmt":"2020-10-06T12:29:33","guid":{"rendered":"http:\/\/sana.sy\/es\/?p=155030"},"modified":"2020-10-06T16:12:01","modified_gmt":"2020-10-06T13:12:01","slug":"vecinos-del-golan-sirio-ocupado-conmemoran-47-aniversario-de-la-guerra-de-liberacion-de-octubre","status":"publish","type":"post","link":"https:\/\/archive.sana.sy\/es\/?p=155030","title":{"rendered":"Vecinos del Gol\u00e1n sirio ocupado conmemoran 47 aniversario de la guerra de liberaci\u00f3n de octubre"},"content":{"rendered":"<p style=\"text-align: justify;\"><span style=\"color: #800000;\"><strong>Quneitra, SANA<\/strong><\/span><\/p>\n<p style=\"text-align: justify;\">La poblaci\u00f3n del Gol\u00e1n sirio ocupado ratific\u00f3 su voluntad de continuar\u00e1 la marcha de la lucha hasta la liberaci\u00f3n completa de los territorios ocupados.<\/p>\n<p style=\"text-align: justify;\">Esta postura fue expresada por los golaneses con motivo del cuadrag\u00e9simo s\u00e9ptimo aniversario de la Guerra de Liberaci\u00f3n de Octubre, que coincide con las victorias logradas por el Ej\u00e9rcito \u00c1rabe Sirio contra el terrorismo y sus partidarios.<\/p>\n<p style=\"text-align: justify;\">El decano de los prisioneros sirios en las c\u00e1rceles sionista, Sadiqi al-Maqt, destac\u00f3 en una conversaci\u00f3n telef\u00f3nica con el corresponsal de SANA en Quneitra, que \u201clos hijos del Gol\u00e1n ocupado conf\u00edan en la inevitabilidad de liberar cada cent\u00edmetro de la tierra ocupada con la firmeza y heroicidad de los h\u00e9roes del Ej\u00e9rcito \u00c1rabe Sirio que derrotaron el proyecto sionista-estadounidense y sus mercenarios terroristas.<\/p>\n<p style=\"text-align: justify;\">A su vez, el luchador Said Farhat, salud\u00f3 al pueblo de Siria y a su heroico ej\u00e9rcito, y al presidente Bashar al-Assad, y se\u00f1al\u00f3 que la guerra de octubre &#8220;seguir\u00e1 siendo un faro que da esperanzas de victoria y liberaci\u00f3n del Gol\u00e1n ocupado de las garras de la ocupaci\u00f3n israel\u00ed.<\/p>\n<p style=\"text-align: justify;\">Por su parte, el alcalde del Gol\u00e1n, Issam Shaalan, afirm\u00f3 que los pobladores del Gol\u00e1n y Quneitra &#8220;a\u00fan conservan las llaves de sus casas de las que fueron deportados por la fuerza.<\/p>\n<p style=\"text-align: justify;\"><strong><span style=\"color: #0000ff;\">fm\/ed<\/span><\/strong><\/p>\n<p style=\"text-align: justify;\">\n","protected":false},"excerpt":{"rendered":"<p>Quneitra, SANA La poblaci\u00f3n del Gol\u00e1n sirio ocupado ratific\u00f3 su voluntad de continuar\u00e1 la marcha de la lucha hasta la liberaci\u00f3n completa de los territorios ocupados. Esta postura fue expresada por los golaneses con motivo del cuadrag\u00e9simo s\u00e9ptimo aniversario de la Guerra de Liberaci\u00f3n de Octubre, que coincide con las victorias logradas por el Ej\u00e9rcito &hellip;<\/p>\n","protected":false},"author":32,"featured_media":155031,"comment_status":"closed","ping_status":"closed","sticky":false,"template":"","format":"standard","meta":{"footnotes":""},"categories":[477,597,476,7541],"tags":[],"class_list":["post-155030","post","type-post","status-publish","format-standard","has-post-thumbnail","","category-noticias-edulcorantes","category-cinta-de-noticias","category-locales","category-ultimas-noticias"],"_links":{"self":[{"href":"https:\/\/archive.sana.sy\/es\/index.php?rest_route=\/wp\/v2\/posts\/155030"}],"collection":[{"href":"https:\/\/archive.sana.sy\/es\/index.php?rest_route=\/wp\/v2\/posts"}],"about":[{"href":"https:\/\/archive.sana.sy\/es\/index.php?rest_route=\/wp\/v2\/types\/post"}],"author":[{"embeddable":true,"href":"https:\/\/archive.sana.sy\/es\/index.php?rest_route=\/wp\/v2\/users\/32"}],"replies":[{"embeddable":true,"href":"https:\/\/archive.sana.sy\/es\/index.php?rest_route=%2Fwp%2Fv2%2Fcomments&post=155030"}],"version-history":[{"count":0,"href":"https:\/\/archive.sana.sy\/es\/index.php?rest_route=\/wp\/v2\/posts\/155030\/revisions"}],"wp:featuredmedia":[{"embeddable":true,"href":"https:\/\/archive.sana.sy\/es\/index.php?rest_route=\/wp\/v2\/media\/155031"}],"wp:attachment":[{"href":"https:\/\/archive.sana.sy\/es\/index.php?rest_route=%2Fwp%2Fv2%2Fmedia&parent=155030"}],"wp:term":[{"taxonomy":"category","embeddable":true,"href":"https:\/\/archive.sana.sy\/es\/index.php?rest_route=%2Fwp%2Fv2%2Fcategories&post=155030"},{"taxonomy":"post_tag","embeddable":true,"href":"https:\/\/archive.sana.sy\/es\/index.php?rest_route=%2Fwp%2Fv2%2Ftags&post=155030"}],"curies":[{"name":"wp","href":"https:\/\/api.w.org\/{rel}","templated":true}]}}