{"id":155033,"date":"2020-10-06T15:27:26","date_gmt":"2020-10-06T12:27:26","guid":{"rendered":"http:\/\/sana.sy\/es\/?p=155033"},"modified":"2020-10-06T16:23:47","modified_gmt":"2020-10-06T13:23:47","slug":"moscu-confirma-envio-de-mercenarios-por-turquia-a-la-region-de-nagorno-karabaj","status":"publish","type":"post","link":"https:\/\/archive.sana.sy\/es\/?p=155033","title":{"rendered":"Mosc\u00fa confirma env\u00edo de mercenarios por Turqu\u00eda a la regi\u00f3n de Nagorno Karabaj"},"content":{"rendered":"<p style=\"text-align: justify;\"><span style=\"color: #800000;\">Mosc\u00fa, SANA<\/span><\/p>\n<p style=\"text-align: justify;\">El portavoz del Kremlin, Dmitri Peskov, anunci\u00f3 que Rusia dispone de informaci\u00f3n de inteligencia sobre el env\u00edo del r\u00e9gimen turco a terroristas desde Siria a la regi\u00f3n de Nagorno Karabaj.<\/p>\n<p style=\"text-align: justify;\">\u201cEstamos estudiando todas las declaraciones de los jefes de Estado al respecto, y tenemos informaci\u00f3n de inteligencia que confirma esos informes, adem\u00e1s de la informaci\u00f3n dada por el Ministerio de Defensa de Armenia al respecto\u201d, cit\u00f3 Sputnik a Peskov.<\/p>\n<p style=\"text-align: justify;\">Varios informes publicados por los medios de comunicaci\u00f3n indicaron que el r\u00e9gimen turco envi\u00f3 a varios de sus mercenarios en el norte de Siria para participar en los actuales combates en la regi\u00f3n de Nagorno Karabaj.<\/p>\n<p style=\"text-align: justify;\"><strong><span style=\"color: #0000ff;\">ed\/ fm<\/span><\/strong><\/p>\n","protected":false},"excerpt":{"rendered":"<p>Mosc\u00fa, SANA El portavoz del Kremlin, Dmitri Peskov, anunci\u00f3 que Rusia dispone de informaci\u00f3n de inteligencia sobre el env\u00edo del r\u00e9gimen turco a terroristas desde Siria a la regi\u00f3n de Nagorno Karabaj. \u201cEstamos estudiando todas las declaraciones de los jefes de Estado al respecto, y tenemos informaci\u00f3n de inteligencia que confirma esos informes, adem\u00e1s de &hellip;<\/p>\n","protected":false},"author":32,"featured_media":155034,"comment_status":"closed","ping_status":"closed","sticky":false,"template":"","format":"standard","meta":{"footnotes":""},"categories":[597,467,7541],"tags":[],"class_list":["post-155033","post","type-post","status-publish","format-standard","has-post-thumbnail","","category-cinta-de-noticias","category-siria-y-el-mundo","category-ultimas-noticias"],"_links":{"self":[{"href":"https:\/\/archive.sana.sy\/es\/index.php?rest_route=\/wp\/v2\/posts\/155033"}],"collection":[{"href":"https:\/\/archive.sana.sy\/es\/index.php?rest_route=\/wp\/v2\/posts"}],"about":[{"href":"https:\/\/archive.sana.sy\/es\/index.php?rest_route=\/wp\/v2\/types\/post"}],"author":[{"embeddable":true,"href":"https:\/\/archive.sana.sy\/es\/index.php?rest_route=\/wp\/v2\/users\/32"}],"replies":[{"embeddable":true,"href":"https:\/\/archive.sana.sy\/es\/index.php?rest_route=%2Fwp%2Fv2%2Fcomments&post=155033"}],"version-history":[{"count":0,"href":"https:\/\/archive.sana.sy\/es\/index.php?rest_route=\/wp\/v2\/posts\/155033\/revisions"}],"wp:featuredmedia":[{"embeddable":true,"href":"https:\/\/archive.sana.sy\/es\/index.php?rest_route=\/wp\/v2\/media\/155034"}],"wp:attachment":[{"href":"https:\/\/archive.sana.sy\/es\/index.php?rest_route=%2Fwp%2Fv2%2Fmedia&parent=155033"}],"wp:term":[{"taxonomy":"category","embeddable":true,"href":"https:\/\/archive.sana.sy\/es\/index.php?rest_route=%2Fwp%2Fv2%2Fcategories&post=155033"},{"taxonomy":"post_tag","embeddable":true,"href":"https:\/\/archive.sana.sy\/es\/index.php?rest_route=%2Fwp%2Fv2%2Ftags&post=155033"}],"curies":[{"name":"wp","href":"https:\/\/api.w.org\/{rel}","templated":true}]}}