{"id":155076,"date":"2020-10-06T21:36:49","date_gmt":"2020-10-06T18:36:49","guid":{"rendered":"http:\/\/sana.sy\/es\/?p=155076"},"modified":"2023-01-12T14:42:58","modified_gmt":"2023-01-12T12:42:58","slug":"el-libano-registra-10-muertes-y-1261-nuevos-contagios-por-covid-19","status":"publish","type":"post","link":"https:\/\/archive.sana.sy\/es\/?p=155076","title":{"rendered":"El L\u00edbano registra 10 muertes y 1261 nuevos contagios por Covid-19"},"content":{"rendered":"<p><span style=\"color: #800000;\">Beirut, SANA<\/span><\/p>\n<p style=\"text-align: justify;\">El Ministerio de Salud P\u00fablica liban\u00e9s registr\u00f3 1261 nuevas infecciones y 10 muertes por coronavirus durante las \u00faltimas 24 horas.<\/p>\n<p style=\"text-align: justify;\">El Ministerio se\u00f1al\u00f3 en su informe de hoy que la cifra total de casos confirmados en el L\u00edbano desde el pasado 21 de febrero hasta la fecha ha llegado a 46.918 casos, y el n\u00famero de muertes se ha elevado a 424 casos.<\/p>\n<p><em>mm<\/em><\/p>\n","protected":false},"excerpt":{"rendered":"<p>Beirut, SANA El Ministerio de Salud P\u00fablica liban\u00e9s registr\u00f3 1261 nuevas infecciones y 10 muertes por coronavirus durante las \u00faltimas 24 horas. El Ministerio se\u00f1al\u00f3 en su informe de hoy que la cifra total de casos confirmados en el L\u00edbano desde el pasado 21 de febrero hasta la fecha ha llegado a 46.918 casos, y &hellip;<\/p>\n","protected":false},"author":36,"featured_media":155077,"comment_status":"closed","ping_status":"closed","sticky":false,"template":"","format":"standard","meta":{"footnotes":""},"categories":[597,456,457],"tags":[],"class_list":["post-155076","post","type-post","status-publish","format-standard","has-post-thumbnail","","category-cinta-de-noticias","category-arabe-internacional-politica","category-noticias-arabe-internacional-politica"],"_links":{"self":[{"href":"https:\/\/archive.sana.sy\/es\/index.php?rest_route=\/wp\/v2\/posts\/155076"}],"collection":[{"href":"https:\/\/archive.sana.sy\/es\/index.php?rest_route=\/wp\/v2\/posts"}],"about":[{"href":"https:\/\/archive.sana.sy\/es\/index.php?rest_route=\/wp\/v2\/types\/post"}],"author":[{"embeddable":true,"href":"https:\/\/archive.sana.sy\/es\/index.php?rest_route=\/wp\/v2\/users\/36"}],"replies":[{"embeddable":true,"href":"https:\/\/archive.sana.sy\/es\/index.php?rest_route=%2Fwp%2Fv2%2Fcomments&post=155076"}],"version-history":[{"count":0,"href":"https:\/\/archive.sana.sy\/es\/index.php?rest_route=\/wp\/v2\/posts\/155076\/revisions"}],"wp:featuredmedia":[{"embeddable":true,"href":"https:\/\/archive.sana.sy\/es\/index.php?rest_route=\/wp\/v2\/media\/155077"}],"wp:attachment":[{"href":"https:\/\/archive.sana.sy\/es\/index.php?rest_route=%2Fwp%2Fv2%2Fmedia&parent=155076"}],"wp:term":[{"taxonomy":"category","embeddable":true,"href":"https:\/\/archive.sana.sy\/es\/index.php?rest_route=%2Fwp%2Fv2%2Fcategories&post=155076"},{"taxonomy":"post_tag","embeddable":true,"href":"https:\/\/archive.sana.sy\/es\/index.php?rest_route=%2Fwp%2Fv2%2Ftags&post=155076"}],"curies":[{"name":"wp","href":"https:\/\/api.w.org\/{rel}","templated":true}]}}