{"id":155084,"date":"2020-10-07T06:50:07","date_gmt":"2020-10-07T03:50:07","guid":{"rendered":"http:\/\/sana.sy\/es\/?p=155084"},"modified":"2023-01-10T14:31:33","modified_gmt":"2023-01-10T12:31:33","slug":"confirman-en-siria-46-nuevos-casos-de-covid-19","status":"publish","type":"post","link":"https:\/\/archive.sana.sy\/es\/?p=155084","title":{"rendered":"Confirman en Siria 46 nuevos casos de Covid-19"},"content":{"rendered":"<p style=\"text-align: justify;\"><span style=\"color: #800000;\"><strong>Damasco, SANA<\/strong><\/span><\/p>\n<p style=\"text-align: justify;\">La cifra de infectados por Covid-19 en Siria ascendi\u00f3 cuatro mil 457 tras reportar 46 casos nuevos, inform\u00f3 el Ministerio de Salud en un comunicado.<\/p>\n<p style=\"text-align: justify;\">Agreg\u00f3 que esta enfermedad cobr\u00f3 la vida de dos personas en las \u00faltimas 24 horas, lo que eleva a 209 el n\u00famero de fallecidos a nivel nacional.<\/p>\n<p style=\"text-align: justify;\">Seg\u00fan el comunicado, los recuperados sumaron mil 183 tras dar de alta m\u00e9dica a 15 infectados que dieron negativo al virus.<\/p>\n<p style=\"text-align: justify;\"><strong><em><span style=\"color: #0000ff;\">fm<\/span><\/em><\/strong><\/p>\n","protected":false},"excerpt":{"rendered":"<p>Damasco, SANA La cifra de infectados por Covid-19 en Siria ascendi\u00f3 cuatro mil 457 tras reportar 46 casos nuevos, inform\u00f3 el Ministerio de Salud en un comunicado. Agreg\u00f3 que esta enfermedad cobr\u00f3 la vida de dos personas en las \u00faltimas 24 horas, lo que eleva a 209 el n\u00famero de fallecidos a nivel nacional. Seg\u00fan &hellip;<\/p>\n","protected":false},"author":34,"featured_media":155085,"comment_status":"closed","ping_status":"closed","sticky":false,"template":"","format":"standard","meta":{"footnotes":""},"categories":[477,447,597,476,7541],"tags":[],"class_list":["post-155084","post","type-post","status-publish","format-standard","has-post-thumbnail","","category-noticias-edulcorantes","category-local-politica","category-cinta-de-noticias","category-locales","category-ultimas-noticias"],"_links":{"self":[{"href":"https:\/\/archive.sana.sy\/es\/index.php?rest_route=\/wp\/v2\/posts\/155084"}],"collection":[{"href":"https:\/\/archive.sana.sy\/es\/index.php?rest_route=\/wp\/v2\/posts"}],"about":[{"href":"https:\/\/archive.sana.sy\/es\/index.php?rest_route=\/wp\/v2\/types\/post"}],"author":[{"embeddable":true,"href":"https:\/\/archive.sana.sy\/es\/index.php?rest_route=\/wp\/v2\/users\/34"}],"replies":[{"embeddable":true,"href":"https:\/\/archive.sana.sy\/es\/index.php?rest_route=%2Fwp%2Fv2%2Fcomments&post=155084"}],"version-history":[{"count":0,"href":"https:\/\/archive.sana.sy\/es\/index.php?rest_route=\/wp\/v2\/posts\/155084\/revisions"}],"wp:featuredmedia":[{"embeddable":true,"href":"https:\/\/archive.sana.sy\/es\/index.php?rest_route=\/wp\/v2\/media\/155085"}],"wp:attachment":[{"href":"https:\/\/archive.sana.sy\/es\/index.php?rest_route=%2Fwp%2Fv2%2Fmedia&parent=155084"}],"wp:term":[{"taxonomy":"category","embeddable":true,"href":"https:\/\/archive.sana.sy\/es\/index.php?rest_route=%2Fwp%2Fv2%2Fcategories&post=155084"},{"taxonomy":"post_tag","embeddable":true,"href":"https:\/\/archive.sana.sy\/es\/index.php?rest_route=%2Fwp%2Fv2%2Ftags&post=155084"}],"curies":[{"name":"wp","href":"https:\/\/api.w.org\/{rel}","templated":true}]}}