{"id":155253,"date":"2020-10-08T14:27:57","date_gmt":"2020-10-08T11:27:57","guid":{"rendered":"http:\/\/sanasyria.org\/es\/?p=155253"},"modified":"2020-10-08T14:27:57","modified_gmt":"2020-10-08T11:27:57","slug":"acto-de-solidaridad-con-siria-frente-a-la-sede-de-la-ue-en-viena","status":"publish","type":"post","link":"https:\/\/archive.sana.sy\/es\/?p=155253","title":{"rendered":"Acto de solidaridad con Siria frente a la sede de la UE en Viena"},"content":{"rendered":"<p style=\"text-align: justify;\"><span style=\"color: #800000;\"><strong>Viena, SANA<\/strong><\/span><\/p>\n<p style=\"text-align: justify;\">Con la participaci\u00f3n de estudiantes \u00e1rabes y austriacos, la Uni\u00f3n Nacional de Estudiantes Sirios en Eslovaquia y la iniciativa \u201cHands Off Syria\u201d organizaron una sentada frente a la sede de la UE en Viena.<\/p>\n<p style=\"text-align: justify;\">Los participantes alzaron pancartas que denuncian las medidas econ\u00f3micas coercitivas unilaterales impuestas al pueblo sirio.<\/p>\n<p style=\"text-align: justify;\">Los participantes de la sentada enviaron un mensaje al representante de la UE en la que afirmaron que las medidas coercitivas unilaterales impuestas por Estados Unidos y sus aliados a Siria constituyen una violaci\u00f3n flagrante del derecho internacional y humanitario, en particular en medio de la pandemia del nuevo Coronavirus.<\/p>\n<p style=\"text-align: justify;\">La misiva subray\u00f3 que la pol\u00edtica de sanciones amenaza la paz y la estabilidad en la regi\u00f3n y el mundo, constituye un apoyo a los terroristas y obstaculiza los esfuerzos por lograr una soluci\u00f3n pol\u00edtica de la crisis en Siria.<\/p>\n<p style=\"text-align: justify;\"><strong><span style=\"color: #0000ff;\">ed\/fm<\/span><\/strong><\/p>\n","protected":false},"excerpt":{"rendered":"<p>Viena, SANA Con la participaci\u00f3n de estudiantes \u00e1rabes y austriacos, la Uni\u00f3n Nacional de Estudiantes Sirios en Eslovaquia y la iniciativa \u201cHands Off Syria\u201d organizaron una sentada frente a la sede de la UE en Viena. Los participantes alzaron pancartas que denuncian las medidas econ\u00f3micas coercitivas unilaterales impuestas al pueblo sirio. Los participantes de la &hellip;<\/p>\n","protected":false},"author":32,"featured_media":155254,"comment_status":"closed","ping_status":"closed","sticky":false,"template":"","format":"standard","meta":{"footnotes":""},"categories":[597,467,7541],"tags":[],"class_list":["post-155253","post","type-post","status-publish","format-standard","has-post-thumbnail","","category-cinta-de-noticias","category-siria-y-el-mundo","category-ultimas-noticias"],"_links":{"self":[{"href":"https:\/\/archive.sana.sy\/es\/index.php?rest_route=\/wp\/v2\/posts\/155253"}],"collection":[{"href":"https:\/\/archive.sana.sy\/es\/index.php?rest_route=\/wp\/v2\/posts"}],"about":[{"href":"https:\/\/archive.sana.sy\/es\/index.php?rest_route=\/wp\/v2\/types\/post"}],"author":[{"embeddable":true,"href":"https:\/\/archive.sana.sy\/es\/index.php?rest_route=\/wp\/v2\/users\/32"}],"replies":[{"embeddable":true,"href":"https:\/\/archive.sana.sy\/es\/index.php?rest_route=%2Fwp%2Fv2%2Fcomments&post=155253"}],"version-history":[{"count":0,"href":"https:\/\/archive.sana.sy\/es\/index.php?rest_route=\/wp\/v2\/posts\/155253\/revisions"}],"wp:featuredmedia":[{"embeddable":true,"href":"https:\/\/archive.sana.sy\/es\/index.php?rest_route=\/wp\/v2\/media\/155254"}],"wp:attachment":[{"href":"https:\/\/archive.sana.sy\/es\/index.php?rest_route=%2Fwp%2Fv2%2Fmedia&parent=155253"}],"wp:term":[{"taxonomy":"category","embeddable":true,"href":"https:\/\/archive.sana.sy\/es\/index.php?rest_route=%2Fwp%2Fv2%2Fcategories&post=155253"},{"taxonomy":"post_tag","embeddable":true,"href":"https:\/\/archive.sana.sy\/es\/index.php?rest_route=%2Fwp%2Fv2%2Ftags&post=155253"}],"curies":[{"name":"wp","href":"https:\/\/api.w.org\/{rel}","templated":true}]}}