{"id":15531,"date":"2015-01-05T19:50:35","date_gmt":"2015-01-05T17:50:35","guid":{"rendered":"http:\/\/www.sana.sy\/es\/?p=15531"},"modified":"2015-01-05T19:48:02","modified_gmt":"2015-01-05T17:48:02","slug":"el-11o-foro-de-clerigos-musulmanes-debate-formulas-para-neutralizar-el-peligro-del-extremismo","status":"publish","type":"post","link":"https:\/\/archive.sana.sy\/es\/?p=15531","title":{"rendered":"El 11\u00ba foro de cl\u00e9rigos musulmanes debate f\u00f3rmulas para neutralizar el peligro del extremismo"},"content":{"rendered":"<p><span style=\"color: #ff0000\">Damasco, SANA.<\/span><\/p>\n<p>&#8220;Decenas de cl\u00e9rigos y ulemas musulmanes se han reunido en un foro, en esta capital, para buscar las v\u00edas necesarias para luchar contra el extremismo y drenar sus fuentes.<\/p>\n<p>El d\u00e9cimo primer foro de los cl\u00e9rigos musulmanes comenz\u00f3 en la Biblioteca de Al-Asad, con la participaci\u00f3n de cl\u00e9rigos procedentes de Siria, Ir\u00e1n, Irak y El L\u00edbano. Los ulemas se reunieron para discutir los medios para poner fin al extremismo. El foro se llev\u00f3 a cabo bajo el patrocinio de la oficina del Imam Khamenei en Siria. Los participantes subrayaron la necesidad de proteger a las sociedades musulmanas y \u00e1rabes de la ideolog\u00eda Takfir\u00ed.<\/p>\n<p>Mujtaba al-Husseini Representante del L\u00edder Supremo de Ir\u00e1n, ayatol\u00e1 Jamenei dijo: &#8220;Tenemos que discutir la forma de evitar que las personas se unan a los grupos armados extremistas. Tenemos que promover el verdadero Islam. Los EE.UU. y Occidente est\u00e1n detr\u00e1s de los disturbios en Siria. Quieren saquear los recursos de los musulmanes. La ideolog\u00eda Takfir\u00ed es el resultado de la hegemon\u00eda y el colonialismo&#8221;.<\/p>\n<p><a href=\"http:\/\/www.sana.sy\/es\/wp-content\/uploads\/2015\/01\/mol-2.jpg\"><img loading=\"lazy\" decoding=\"async\" class=\"alignnone size-medium wp-image-15532\" src=\"http:\/\/www.sana.sy\/es\/wp-content\/uploads\/2015\/01\/mol-2-300x199.jpg\" alt=\"mol 2\" width=\"300\" height=\"199\" srcset=\"https:\/\/archive.sana.sy\/es\/wp-content\/uploads\/2015\/01\/mol-2-300x199.jpg 300w, https:\/\/archive.sana.sy\/es\/wp-content\/uploads\/2015\/01\/mol-2-150x100.jpg 150w, https:\/\/archive.sana.sy\/es\/wp-content\/uploads\/2015\/01\/mol-2.jpg 306w\" sizes=\"(max-width: 300px) 100vw, 300px\" \/><\/a><\/p>\n<p>Los discursos pronunciados confirmaron que el Islam est\u00e1 en contra del terrorismo y el extremismo, se\u00f1alando que esas son las herramientas de algunos pa\u00edses occidentales y regionales para dividir el mundo \u00e1rabe y musulm\u00e1n.<\/p>\n<p>Por su parte, Mohamad Yazbek, representante del L\u00edder Supremo de Ir\u00e1n, ayatol\u00e1 Jamenei dijo: &#8220;Los musulmanes deben unirse. El terrorismo se est\u00e1 extendiendo bajo el paraguas de la ideolog\u00eda Takfir\u00ed. El extremismo tambi\u00e9n pretende difamar la imagen del Islam. Debemos estar en contra de aquellas personas y estar en contra de sus apoyos&#8221;.<\/p>\n<p><a href=\"http:\/\/www.sana.sy\/es\/wp-content\/uploads\/2015\/01\/mol3.jpg\"><img loading=\"lazy\" decoding=\"async\" class=\"alignnone size-medium wp-image-15533\" src=\"http:\/\/www.sana.sy\/es\/wp-content\/uploads\/2015\/01\/mol3-300x199.jpg\" alt=\"mol3\" width=\"300\" height=\"199\" srcset=\"https:\/\/archive.sana.sy\/es\/wp-content\/uploads\/2015\/01\/mol3-300x199.jpg 300w, https:\/\/archive.sana.sy\/es\/wp-content\/uploads\/2015\/01\/mol3-150x100.jpg 150w, https:\/\/archive.sana.sy\/es\/wp-content\/uploads\/2015\/01\/mol3.jpg 306w\" sizes=\"(max-width: 300px) 100vw, 300px\" \/><\/a><br \/>\nMohamad Abdulsattar al-Sayed, ministro de Asuntos Religiosos \u201cAWKAF\u201d en Siria dijo: &#8220;No hay un t\u00e9rmino para el Islam extremista. Solo hay el verdadero Islam. Quer\u00edan exportarnos el Islam de DAESH a trav\u00e9s de muchos grupos terroristas. Debemos aumentar las campa\u00f1as para definir el verdadero Islam. Vamos a vencer al terrorismo&#8221;.<\/p>\n<p>Los participantes subrayaron la necesidad de acabar con la divisi\u00f3n entre los musulmanes y unirse para plantar cara al r\u00e9gimen israel\u00ed por el bien de los derechos de los palestinos. El foro tiene una duraci\u00f3n de dos d\u00edas.<\/p>\n<p><a href=\"http:\/\/www.sana.sy\/es\/wp-content\/uploads\/2015\/01\/mol-4.jpg\"><img loading=\"lazy\" decoding=\"async\" class=\"alignnone size-medium wp-image-15534\" src=\"http:\/\/www.sana.sy\/es\/wp-content\/uploads\/2015\/01\/mol-4-300x199.jpg\" alt=\"mol 4\" width=\"300\" height=\"199\" srcset=\"https:\/\/archive.sana.sy\/es\/wp-content\/uploads\/2015\/01\/mol-4-300x199.jpg 300w, https:\/\/archive.sana.sy\/es\/wp-content\/uploads\/2015\/01\/mol-4-150x100.jpg 150w, https:\/\/archive.sana.sy\/es\/wp-content\/uploads\/2015\/01\/mol-4.jpg 306w\" sizes=\"(max-width: 300px) 100vw, 300px\" \/><\/a><\/p>\n<p>El foro trata de crear conciencia sobre el peligro del extremismo, especialmente cuando muchos grupos est\u00e1n utilizando una versi\u00f3n falsa del Islam al servicio de sus propios intereses.<\/p>\n<p><span style=\"color: #00ccff\">\u00a0Ryad Sh.,Hala B.<\/span><\/p>\n","protected":false},"excerpt":{"rendered":"<p>Damasco, SANA. &#8220;Decenas de cl\u00e9rigos y ulemas musulmanes se han reunido en un foro, en esta capital, para buscar las v\u00edas necesarias para luchar contra el extremismo y drenar sus fuentes. El d\u00e9cimo primer foro de los cl\u00e9rigos musulmanes comenz\u00f3 en la Biblioteca de Al-Asad, con la participaci\u00f3n de cl\u00e9rigos procedentes de Siria, Ir\u00e1n, Irak &hellip;<\/p>\n","protected":false},"author":1,"featured_media":15528,"comment_status":"closed","ping_status":"closed","sticky":false,"template":"","format":"standard","meta":{"footnotes":""},"categories":[477,476,576],"tags":[3516],"class_list":["post-15531","post","type-post","status-publish","format-standard","has-post-thumbnail","","category-noticias-edulcorantes","category-locales","category-noticias-politicas","tag-el-11o-foro-de-clerigos-musulmanes-debate-formulas-para-neutralizar-el-peligro-del-extremismo"],"_links":{"self":[{"href":"https:\/\/archive.sana.sy\/es\/index.php?rest_route=\/wp\/v2\/posts\/15531"}],"collection":[{"href":"https:\/\/archive.sana.sy\/es\/index.php?rest_route=\/wp\/v2\/posts"}],"about":[{"href":"https:\/\/archive.sana.sy\/es\/index.php?rest_route=\/wp\/v2\/types\/post"}],"author":[{"embeddable":true,"href":"https:\/\/archive.sana.sy\/es\/index.php?rest_route=\/wp\/v2\/users\/1"}],"replies":[{"embeddable":true,"href":"https:\/\/archive.sana.sy\/es\/index.php?rest_route=%2Fwp%2Fv2%2Fcomments&post=15531"}],"version-history":[{"count":0,"href":"https:\/\/archive.sana.sy\/es\/index.php?rest_route=\/wp\/v2\/posts\/15531\/revisions"}],"wp:featuredmedia":[{"embeddable":true,"href":"https:\/\/archive.sana.sy\/es\/index.php?rest_route=\/wp\/v2\/media\/15528"}],"wp:attachment":[{"href":"https:\/\/archive.sana.sy\/es\/index.php?rest_route=%2Fwp%2Fv2%2Fmedia&parent=15531"}],"wp:term":[{"taxonomy":"category","embeddable":true,"href":"https:\/\/archive.sana.sy\/es\/index.php?rest_route=%2Fwp%2Fv2%2Fcategories&post=15531"},{"taxonomy":"post_tag","embeddable":true,"href":"https:\/\/archive.sana.sy\/es\/index.php?rest_route=%2Fwp%2Fv2%2Ftags&post=15531"}],"curies":[{"name":"wp","href":"https:\/\/api.w.org\/{rel}","templated":true}]}}