{"id":155377,"date":"2020-10-09T17:10:31","date_gmt":"2020-10-09T14:10:31","guid":{"rendered":"http:\/\/sanasyria.org\/es\/?p=155377"},"modified":"2023-01-12T14:42:56","modified_gmt":"2023-01-12T12:42:56","slug":"presidente-cubano-denuncia-politica-brutal-y-agresiva-de-ee-uu","status":"publish","type":"post","link":"https:\/\/archive.sana.sy\/es\/?p=155377","title":{"rendered":"Presidente cubano denuncia pol\u00edtica brutal y agresiva de EE.UU"},"content":{"rendered":"<p><span style=\"color: #800000;\">La Habana, SANA<\/span><\/p>\n<p style=\"text-align: justify;\">El presidente cubano, Miguel D\u00edaz-Canel, afirm\u00f3 que la pol\u00edtica brutal y agresiva del gobierno de Estados Unidos representa la mayor amenaza para el mundo.<\/p>\n<p style=\"text-align: justify;\">&#8220;Estados Unidos est\u00e1 tratando de cortar las principales fuentes de ingresos de Cuba a fin de endurecer el bloqueo impuesto a la Isla&#8221;, dijo el mandatario cubano en su intervenci\u00f3n en el programa de la Mesa Redonda sobre la situaci\u00f3n del pa\u00eds.<\/p>\n<p style=\"text-align: justify;\">En otras declaraciones, el presidente revel\u00f3 que la unificaci\u00f3n monetaria en el pa\u00eds se encuentra en etapa de preparaci\u00f3n y solo se conservar\u00e1 la moneda local, indicando que el viceprimer ministro y los ministros relevantes explicar\u00e1n el proceso de unificaci\u00f3n monetaria.<\/p>\n<p style=\"text-align: justify;\">Adem\u00e1s, pidi\u00f3 al pueblo confiar en la moneda y no creer las noticias falsas y sobre el dinero depositado por personas o empresas.<\/p>\n<p style=\"text-align: justify;\">Durante el programa, se anunci\u00f3 que La Habana entrar\u00e1 en la tercera fase de recuperaci\u00f3n del nuevo Coronavirus, a partir del d\u00eda 12 de este mes.<\/p>\n<p><em>mm\/fm<\/em><\/p>\n","protected":false},"excerpt":{"rendered":"<p>La Habana, SANA El presidente cubano, Miguel D\u00edaz-Canel, afirm\u00f3 que la pol\u00edtica brutal y agresiva del gobierno de Estados Unidos representa la mayor amenaza para el mundo. &#8220;Estados Unidos est\u00e1 tratando de cortar las principales fuentes de ingresos de Cuba a fin de endurecer el bloqueo impuesto a la Isla&#8221;, dijo el mandatario cubano en &hellip;<\/p>\n","protected":false},"author":36,"featured_media":155378,"comment_status":"closed","ping_status":"closed","sticky":false,"template":"","format":"standard","meta":{"footnotes":""},"categories":[597,456,457,7541],"tags":[],"class_list":["post-155377","post","type-post","status-publish","format-standard","has-post-thumbnail","","category-cinta-de-noticias","category-arabe-internacional-politica","category-noticias-arabe-internacional-politica","category-ultimas-noticias"],"_links":{"self":[{"href":"https:\/\/archive.sana.sy\/es\/index.php?rest_route=\/wp\/v2\/posts\/155377"}],"collection":[{"href":"https:\/\/archive.sana.sy\/es\/index.php?rest_route=\/wp\/v2\/posts"}],"about":[{"href":"https:\/\/archive.sana.sy\/es\/index.php?rest_route=\/wp\/v2\/types\/post"}],"author":[{"embeddable":true,"href":"https:\/\/archive.sana.sy\/es\/index.php?rest_route=\/wp\/v2\/users\/36"}],"replies":[{"embeddable":true,"href":"https:\/\/archive.sana.sy\/es\/index.php?rest_route=%2Fwp%2Fv2%2Fcomments&post=155377"}],"version-history":[{"count":0,"href":"https:\/\/archive.sana.sy\/es\/index.php?rest_route=\/wp\/v2\/posts\/155377\/revisions"}],"wp:featuredmedia":[{"embeddable":true,"href":"https:\/\/archive.sana.sy\/es\/index.php?rest_route=\/wp\/v2\/media\/155378"}],"wp:attachment":[{"href":"https:\/\/archive.sana.sy\/es\/index.php?rest_route=%2Fwp%2Fv2%2Fmedia&parent=155377"}],"wp:term":[{"taxonomy":"category","embeddable":true,"href":"https:\/\/archive.sana.sy\/es\/index.php?rest_route=%2Fwp%2Fv2%2Fcategories&post=155377"},{"taxonomy":"post_tag","embeddable":true,"href":"https:\/\/archive.sana.sy\/es\/index.php?rest_route=%2Fwp%2Fv2%2Ftags&post=155377"}],"curies":[{"name":"wp","href":"https:\/\/api.w.org\/{rel}","templated":true}]}}