{"id":15539,"date":"2015-01-05T20:45:55","date_gmt":"2015-01-05T18:45:55","guid":{"rendered":"http:\/\/www.sana.sy\/es\/?p=15539"},"modified":"2015-01-06T21:30:39","modified_gmt":"2015-01-06T19:30:39","slug":"el-presidente-al-assad-debate-con-kasimi-las-relaciones-politicas-y-estrategicas-entre-siria-e-iran","status":"publish","type":"post","link":"https:\/\/archive.sana.sy\/es\/?p=15539","title":{"rendered":"El Presidente Al-Assad debate con Qasimi las relaciones pol\u00edticas y estrat\u00e9gicas entre Siria e Ir\u00e1n"},"content":{"rendered":"<p><span style=\"color: #ff0000\">Damasco, SANA.<\/span><\/p>\n<p>El Presidente Bashar Al-Assad debati\u00f3 con el ingeniero Rustom Qasimi, jefe del Comit\u00e9 para el Desarrollo de las Relaciones econ\u00f3micas sirio-iran\u00edes y con la delegaci\u00f3n que le acompa\u00f1a, los esfuerzos para fortalecer las relaciones econ\u00f3micas entre Siria y la Rep\u00fablica Isl\u00e1mica de Ir\u00e1n y la necesidad de la inversi\u00f3n \u00f3ptima de las oportunidades ofrecidas en varios sectores vitales para el beneficio de los dos pa\u00edses.<\/p>\n<p><a href=\"http:\/\/www.sana.sy\/es\/wp-content\/uploads\/2015\/01\/pre22.jpg\"><img loading=\"lazy\" decoding=\"async\" class=\"alignnone size-medium wp-image-15541\" src=\"http:\/\/www.sana.sy\/es\/wp-content\/uploads\/2015\/01\/pre22-300x175.jpg\" alt=\"pre22\" width=\"300\" height=\"175\" srcset=\"https:\/\/archive.sana.sy\/es\/wp-content\/uploads\/2015\/01\/pre22-300x175.jpg 300w, https:\/\/archive.sana.sy\/es\/wp-content\/uploads\/2015\/01\/pre22-150x88.jpg 150w, https:\/\/archive.sana.sy\/es\/wp-content\/uploads\/2015\/01\/pre22.jpg 348w\" sizes=\"(max-width: 300px) 100vw, 300px\" \/><\/a><br \/>\nEl presidente sirio afirm\u00f3 la importancia de asociar la visi\u00f3n econ\u00f3mica entre Siria e Ir\u00e1n con la visi\u00f3n pol\u00edtica y estrat\u00e9gica que caracteriza las relaciones bilaterales, haciendo hincapi\u00e9 en la necesidad de facilitar los procedimientos y superar los obst\u00e1culos que enfrenta el desarrollo de la cooperaci\u00f3n econ\u00f3mica en aras de fortalecer la relaci\u00f3n hist\u00f3rica de los dos pueblos.<\/p>\n<p>Qasimi renov\u00f3 el apoyo de su pa\u00eds al pueblo sirio en su lucha contra el terrorismo, y la determinaci\u00f3n de la Rep\u00fablica Isl\u00e1mica de Ir\u00e1n en continuar apoyando a Siria para ayudarla a ser fuerte en el sector econ\u00f3mico y fortalecer su resistencia hasta lograr la victoria, afirmando la existencia de potencialidades en Siria e Ir\u00e1n que pueden servir a las relaciones estrat\u00e9gicas entre los dos pa\u00edses.<\/p>\n<p><a href=\"http:\/\/www.sana.sy\/es\/wp-content\/uploads\/2015\/01\/pre33.jpg\"><img loading=\"lazy\" decoding=\"async\" class=\"alignnone size-medium wp-image-15542\" src=\"http:\/\/www.sana.sy\/es\/wp-content\/uploads\/2015\/01\/pre33-300x116.jpg\" alt=\"pre33\" width=\"300\" height=\"116\" srcset=\"https:\/\/archive.sana.sy\/es\/wp-content\/uploads\/2015\/01\/pre33-300x116.jpg 300w, https:\/\/archive.sana.sy\/es\/wp-content\/uploads\/2015\/01\/pre33-150x58.jpg 150w, https:\/\/archive.sana.sy\/es\/wp-content\/uploads\/2015\/01\/pre33.jpg 420w\" sizes=\"(max-width: 300px) 100vw, 300px\" \/><\/a><br \/>\nLa reuni\u00f3n cont\u00f3 con la presencia del embajador iran\u00ed en Damasco, y el embajador sirio en Teher\u00e1n.<\/p>\n<p><span style=\"color: #00ccff\">Hala B., Ryad Sh.<\/span><\/p>\n","protected":false},"excerpt":{"rendered":"<p>Damasco, SANA. El Presidente Bashar Al-Assad debati\u00f3 con el ingeniero Rustom Qasimi, jefe del Comit\u00e9 para el Desarrollo de las Relaciones econ\u00f3micas sirio-iran\u00edes y con la delegaci\u00f3n que le acompa\u00f1a, los esfuerzos para fortalecer las relaciones econ\u00f3micas entre Siria y la Rep\u00fablica Isl\u00e1mica de Ir\u00e1n y la necesidad de la inversi\u00f3n \u00f3ptima de las oportunidades &hellip;<\/p>\n","protected":false},"author":1,"featured_media":15540,"comment_status":"closed","ping_status":"closed","sticky":false,"template":"","format":"standard","meta":{"footnotes":""},"categories":[626],"tags":[],"class_list":["post-15539","post","type-post","status-publish","format-standard","has-post-thumbnail","","category-sr-presidente"],"_links":{"self":[{"href":"https:\/\/archive.sana.sy\/es\/index.php?rest_route=\/wp\/v2\/posts\/15539"}],"collection":[{"href":"https:\/\/archive.sana.sy\/es\/index.php?rest_route=\/wp\/v2\/posts"}],"about":[{"href":"https:\/\/archive.sana.sy\/es\/index.php?rest_route=\/wp\/v2\/types\/post"}],"author":[{"embeddable":true,"href":"https:\/\/archive.sana.sy\/es\/index.php?rest_route=\/wp\/v2\/users\/1"}],"replies":[{"embeddable":true,"href":"https:\/\/archive.sana.sy\/es\/index.php?rest_route=%2Fwp%2Fv2%2Fcomments&post=15539"}],"version-history":[{"count":0,"href":"https:\/\/archive.sana.sy\/es\/index.php?rest_route=\/wp\/v2\/posts\/15539\/revisions"}],"wp:featuredmedia":[{"embeddable":true,"href":"https:\/\/archive.sana.sy\/es\/index.php?rest_route=\/wp\/v2\/media\/15540"}],"wp:attachment":[{"href":"https:\/\/archive.sana.sy\/es\/index.php?rest_route=%2Fwp%2Fv2%2Fmedia&parent=15539"}],"wp:term":[{"taxonomy":"category","embeddable":true,"href":"https:\/\/archive.sana.sy\/es\/index.php?rest_route=%2Fwp%2Fv2%2Fcategories&post=15539"},{"taxonomy":"post_tag","embeddable":true,"href":"https:\/\/archive.sana.sy\/es\/index.php?rest_route=%2Fwp%2Fv2%2Ftags&post=15539"}],"curies":[{"name":"wp","href":"https:\/\/api.w.org\/{rel}","templated":true}]}}