{"id":15548,"date":"2015-01-05T18:34:18","date_gmt":"2015-01-05T16:34:18","guid":{"rendered":"http:\/\/www.sana.sy\/es\/?p=15548"},"modified":"2015-01-05T18:34:30","modified_gmt":"2015-01-05T16:34:30","slug":"15548","status":"publish","type":"post","link":"https:\/\/archive.sana.sy\/es\/?p=15548","title":{"rendered":"Firmado memor\u00e1ndum de entendimiento entre Asuntos Sociales y la Uni\u00f3n de Cristianos Evang\u00e9licos"},"content":{"rendered":"<p>Damasco-SANA<\/p>\n<p>El Ministerio de Asuntos Sociales y la Uni\u00f3n de Cristianos Evang\u00e9licos en Siria y el L\u00edbano, firmaron un memorando de entendimiento para la administraci\u00f3n del Instituto de Educaci\u00f3n para ni\u00f1as antisociales y \u00a8Wahet Amal\u00a8, en Bab Msallah con el fin de garantizarles servicios de salud y educaci\u00f3n.<\/p>\n<p>El memor\u00e1ndum estipula la incorporaci\u00f3n de profesionales especialistas en educaci\u00f3n y psic\u00f3logos a fin de garantizar la prestaci\u00f3n de mejores servicios a las ni\u00f1as alojadas en el instituto y en \u00a8Wahet Amal\u00a8, adem\u00e1s de proporcionarles atenci\u00f3n, protecci\u00f3n y asesoramiento jur\u00eddico.<\/p>\n<p>Yamil K.<\/p>\n","protected":false},"excerpt":{"rendered":"<p>Damasco-SANA El Ministerio de Asuntos Sociales y la Uni\u00f3n de Cristianos Evang\u00e9licos en Siria y el L\u00edbano, firmaron un memorando de entendimiento para la administraci\u00f3n del Instituto de Educaci\u00f3n para ni\u00f1as antisociales y \u00a8Wahet Amal\u00a8, en Bab Msallah con el fin de garantizarles servicios de salud y educaci\u00f3n. El memor\u00e1ndum estipula la incorporaci\u00f3n de profesionales &hellip;<\/p>\n","protected":false},"author":1,"featured_media":15549,"comment_status":"closed","ping_status":"closed","sticky":false,"template":"","format":"standard","meta":{"footnotes":""},"categories":[477,476],"tags":[],"class_list":["post-15548","post","type-post","status-publish","format-standard","has-post-thumbnail","","category-noticias-edulcorantes","category-locales"],"_links":{"self":[{"href":"https:\/\/archive.sana.sy\/es\/index.php?rest_route=\/wp\/v2\/posts\/15548"}],"collection":[{"href":"https:\/\/archive.sana.sy\/es\/index.php?rest_route=\/wp\/v2\/posts"}],"about":[{"href":"https:\/\/archive.sana.sy\/es\/index.php?rest_route=\/wp\/v2\/types\/post"}],"author":[{"embeddable":true,"href":"https:\/\/archive.sana.sy\/es\/index.php?rest_route=\/wp\/v2\/users\/1"}],"replies":[{"embeddable":true,"href":"https:\/\/archive.sana.sy\/es\/index.php?rest_route=%2Fwp%2Fv2%2Fcomments&post=15548"}],"version-history":[{"count":0,"href":"https:\/\/archive.sana.sy\/es\/index.php?rest_route=\/wp\/v2\/posts\/15548\/revisions"}],"wp:featuredmedia":[{"embeddable":true,"href":"https:\/\/archive.sana.sy\/es\/index.php?rest_route=\/wp\/v2\/media\/15549"}],"wp:attachment":[{"href":"https:\/\/archive.sana.sy\/es\/index.php?rest_route=%2Fwp%2Fv2%2Fmedia&parent=15548"}],"wp:term":[{"taxonomy":"category","embeddable":true,"href":"https:\/\/archive.sana.sy\/es\/index.php?rest_route=%2Fwp%2Fv2%2Fcategories&post=15548"},{"taxonomy":"post_tag","embeddable":true,"href":"https:\/\/archive.sana.sy\/es\/index.php?rest_route=%2Fwp%2Fv2%2Ftags&post=15548"}],"curies":[{"name":"wp","href":"https:\/\/api.w.org\/{rel}","templated":true}]}}