{"id":15554,"date":"2015-01-05T19:44:48","date_gmt":"2015-01-05T17:44:48","guid":{"rendered":"http:\/\/www.sana.sy\/es\/?p=15554"},"modified":"2015-01-05T19:44:48","modified_gmt":"2015-01-05T17:44:48","slug":"ffaa-iraquies-despojan-zonas-de-los-elementos-del-eiil","status":"publish","type":"post","link":"https:\/\/archive.sana.sy\/es\/?p=15554","title":{"rendered":"FFAA iraqu\u00edes despojan zonas de los elementos del EIIL"},"content":{"rendered":"<p>Bagdad-SANA<\/p>\n<p>Unidades de las fuerzas armadas iraqu\u00edes tomaron el\u00a0 control de algunas regiones de la provincia Al-Anbar<\/p>\n<p>Fuentes medi\u00e1ticas afirmaron que destacamentos del ej\u00e9rcito iraqu\u00ed liberaron la zona Al-Bu Hadid y Al-Bu Naser en la provincia de Al-Ramadi y eliminaron a decenas de terroristas y destruyeron sus veh\u00edculos que utilizaban en sus actos criminales contra los ciudadanos, adem\u00e1s de desactivar a 35 artefactos explosivos colocados en las casas de los habitantes.<\/p>\n<p>Asimismo, en la provincia de Saladino escuadras del ej\u00e9rcito iraqu\u00ed despojaron la zona Al-Dagil de los terroristas al sur de la misma provincia.<\/p>\n<p>Mientras en Biji, fueron eliminados 26 terroristas en enfrentamientos entre las fuerzas de seguridad y las bandas terroristas de DAESH.<\/p>\n<p>Por \u00faltimo, numerosos ciudadanos resultaron heridos como consecuencia de la\u00a0 detonaci\u00f3n de un coche bomba en la capital Bagdad mientras que dos civiles cayeron m\u00e1rtires y seis heridos por la explosi\u00f3n de un artefacto explosivo en la plaza Al-Huria en Bagdad.<\/p>\n<p>Yamil K.<\/p>\n","protected":false},"excerpt":{"rendered":"<p>Bagdad-SANA Unidades de las fuerzas armadas iraqu\u00edes tomaron el\u00a0 control de algunas regiones de la provincia Al-Anbar Fuentes medi\u00e1ticas afirmaron que destacamentos del ej\u00e9rcito iraqu\u00ed liberaron la zona Al-Bu Hadid y Al-Bu Naser en la provincia de Al-Ramadi y eliminaron a decenas de terroristas y destruyeron sus veh\u00edculos que utilizaban en sus actos criminales contra &hellip;<\/p>\n","protected":false},"author":1,"featured_media":15555,"comment_status":"closed","ping_status":"closed","sticky":false,"template":"","format":"standard","meta":{"footnotes":""},"categories":[456,457,576],"tags":[],"class_list":["post-15554","post","type-post","status-publish","format-standard","has-post-thumbnail","","category-arabe-internacional-politica","category-noticias-arabe-internacional-politica","category-noticias-politicas"],"_links":{"self":[{"href":"https:\/\/archive.sana.sy\/es\/index.php?rest_route=\/wp\/v2\/posts\/15554"}],"collection":[{"href":"https:\/\/archive.sana.sy\/es\/index.php?rest_route=\/wp\/v2\/posts"}],"about":[{"href":"https:\/\/archive.sana.sy\/es\/index.php?rest_route=\/wp\/v2\/types\/post"}],"author":[{"embeddable":true,"href":"https:\/\/archive.sana.sy\/es\/index.php?rest_route=\/wp\/v2\/users\/1"}],"replies":[{"embeddable":true,"href":"https:\/\/archive.sana.sy\/es\/index.php?rest_route=%2Fwp%2Fv2%2Fcomments&post=15554"}],"version-history":[{"count":0,"href":"https:\/\/archive.sana.sy\/es\/index.php?rest_route=\/wp\/v2\/posts\/15554\/revisions"}],"wp:featuredmedia":[{"embeddable":true,"href":"https:\/\/archive.sana.sy\/es\/index.php?rest_route=\/wp\/v2\/media\/15555"}],"wp:attachment":[{"href":"https:\/\/archive.sana.sy\/es\/index.php?rest_route=%2Fwp%2Fv2%2Fmedia&parent=15554"}],"wp:term":[{"taxonomy":"category","embeddable":true,"href":"https:\/\/archive.sana.sy\/es\/index.php?rest_route=%2Fwp%2Fv2%2Fcategories&post=15554"},{"taxonomy":"post_tag","embeddable":true,"href":"https:\/\/archive.sana.sy\/es\/index.php?rest_route=%2Fwp%2Fv2%2Ftags&post=15554"}],"curies":[{"name":"wp","href":"https:\/\/api.w.org\/{rel}","templated":true}]}}