{"id":15560,"date":"2015-01-05T20:32:17","date_gmt":"2015-01-05T18:32:17","guid":{"rendered":"http:\/\/www.sana.sy\/es\/?p=15560"},"modified":"2015-01-05T20:32:17","modified_gmt":"2015-01-05T18:32:17","slug":"tormenta-obliga-el-cierre-del-puerto-de-tartous","status":"publish","type":"post","link":"https:\/\/archive.sana.sy\/es\/?p=15560","title":{"rendered":"Tormenta obliga el cierre del puerto de Tartous"},"content":{"rendered":"<p>Tartous-SANA<\/p>\n<p>En la provincia costera de Tartous, se ha decidido el cierre de su puerto comercial y petrolero ante la navegaci\u00f3n mar\u00edtima esta ma\u00f1ana como consecuencia de las malas condiciones atmosf\u00e9ricas.<\/p>\n<p>En este marco se dio a conocer que la velocidad de viento alcanzo el promedio de los 74 kil\u00f3metros por hora, mientras las olas se elevaron alcanzando los 5 metros y medio de altura.<\/p>\n<p>El jefe\u00a0 del puerto de Tartous declar\u00f3 que la Direcci\u00f3n ha llamado a adoptar las medidas de precauci\u00f3n necesarias, afirmando que hasta el momento no se registr\u00f3 ning\u00fan incidente y precisando que el cierre del puerto continuar\u00e1 hasta el final de la tormenta.<\/p>\n<p>Yamil K.<\/p>\n","protected":false},"excerpt":{"rendered":"<p>Tartous-SANA En la provincia costera de Tartous, se ha decidido el cierre de su puerto comercial y petrolero ante la navegaci\u00f3n mar\u00edtima esta ma\u00f1ana como consecuencia de las malas condiciones atmosf\u00e9ricas. En este marco se dio a conocer que la velocidad de viento alcanzo el promedio de los 74 kil\u00f3metros por hora, mientras las olas &hellip;<\/p>\n","protected":false},"author":1,"featured_media":15561,"comment_status":"closed","ping_status":"closed","sticky":false,"template":"","format":"standard","meta":{"footnotes":""},"categories":[477,476],"tags":[],"class_list":["post-15560","post","type-post","status-publish","format-standard","has-post-thumbnail","","category-noticias-edulcorantes","category-locales"],"_links":{"self":[{"href":"https:\/\/archive.sana.sy\/es\/index.php?rest_route=\/wp\/v2\/posts\/15560"}],"collection":[{"href":"https:\/\/archive.sana.sy\/es\/index.php?rest_route=\/wp\/v2\/posts"}],"about":[{"href":"https:\/\/archive.sana.sy\/es\/index.php?rest_route=\/wp\/v2\/types\/post"}],"author":[{"embeddable":true,"href":"https:\/\/archive.sana.sy\/es\/index.php?rest_route=\/wp\/v2\/users\/1"}],"replies":[{"embeddable":true,"href":"https:\/\/archive.sana.sy\/es\/index.php?rest_route=%2Fwp%2Fv2%2Fcomments&post=15560"}],"version-history":[{"count":0,"href":"https:\/\/archive.sana.sy\/es\/index.php?rest_route=\/wp\/v2\/posts\/15560\/revisions"}],"wp:featuredmedia":[{"embeddable":true,"href":"https:\/\/archive.sana.sy\/es\/index.php?rest_route=\/wp\/v2\/media\/15561"}],"wp:attachment":[{"href":"https:\/\/archive.sana.sy\/es\/index.php?rest_route=%2Fwp%2Fv2%2Fmedia&parent=15560"}],"wp:term":[{"taxonomy":"category","embeddable":true,"href":"https:\/\/archive.sana.sy\/es\/index.php?rest_route=%2Fwp%2Fv2%2Fcategories&post=15560"},{"taxonomy":"post_tag","embeddable":true,"href":"https:\/\/archive.sana.sy\/es\/index.php?rest_route=%2Fwp%2Fv2%2Ftags&post=15560"}],"curies":[{"name":"wp","href":"https:\/\/api.w.org\/{rel}","templated":true}]}}