{"id":15571,"date":"2015-01-06T15:23:02","date_gmt":"2015-01-06T13:23:02","guid":{"rendered":"http:\/\/www.sana.sy\/es\/?p=15571"},"modified":"2015-01-06T19:40:18","modified_gmt":"2015-01-06T17:40:18","slug":"23-muertos-en-un-ataque-terrorista-suicida-en-la-provincia-iraqui-de-anbar","status":"publish","type":"post","link":"https:\/\/archive.sana.sy\/es\/?p=15571","title":{"rendered":"23 muertos en un ataque terrorista suicida en la provincia iraqu\u00ed de Anbar"},"content":{"rendered":"<p><span style=\"color: #ff0000\">\u00a0Bagdad, SANA<\/span><\/p>\n<p>Unos 23 efectivos de las fuerzas de seguridad iraqu\u00edes perdieron la vida y otros 21 resultaron heridos en un ataque terrorista llevado a cabo por dos suicidas y fue seguido por violentos enfrentamientos cerca del poblado de al-Bagdadi en la provincia de Anbar, en el oeste de Irak.<\/p>\n<p>Un mayor de la polic\u00eda de Anbar inform\u00f3 que &#8220;dos terroristas suicidas que llevaban cinturones explosivos, se inmolaron en medio de una reuni\u00f3n de las fuerzas al-Sahwa cerca de una mezquita en el poblado al-Baghdadi, en el noroeste de la provincia de al-Anbar&#8221;.<\/p>\n<p>Fuentes de seguridad iraqu\u00edes hab\u00edan anunciado la muerte de ocho personas en una serie de ataques terroristas en diferentes partes de la capital, Bagdad.<\/p>\n<p>Por otro lado, las fuerzas iraqu\u00edes han continuado sus operativos a\u00e9reos y terrestres contra los armados de la organizaci\u00f3n terroristas del Estado Isl\u00e1mico.<\/p>\n<p>En dichos operativos, decenas de terroristas resultaron muertos o heridos en las provincias de Salahudin y Ninwa.<\/p>\n<p><span style=\"color: #00ccff\"> Fady M., Hala B.<\/span><\/p>\n","protected":false},"excerpt":{"rendered":"<p>\u00a0Bagdad, SANA Unos 23 efectivos de las fuerzas de seguridad iraqu\u00edes perdieron la vida y otros 21 resultaron heridos en un ataque terrorista llevado a cabo por dos suicidas y fue seguido por violentos enfrentamientos cerca del poblado de al-Bagdadi en la provincia de Anbar, en el oeste de Irak. Un mayor de la polic\u00eda &hellip;<\/p>\n","protected":false},"author":1,"featured_media":15572,"comment_status":"closed","ping_status":"closed","sticky":false,"template":"","format":"standard","meta":{"footnotes":""},"categories":[597,456,576],"tags":[3518],"class_list":["post-15571","post","type-post","status-publish","format-standard","has-post-thumbnail","","category-cinta-de-noticias","category-arabe-internacional-politica","category-noticias-politicas","tag-23-muertos-en-un-ataque-terrorista-suicida-en-la-provincia-iraqui-de-anbar"],"_links":{"self":[{"href":"https:\/\/archive.sana.sy\/es\/index.php?rest_route=\/wp\/v2\/posts\/15571"}],"collection":[{"href":"https:\/\/archive.sana.sy\/es\/index.php?rest_route=\/wp\/v2\/posts"}],"about":[{"href":"https:\/\/archive.sana.sy\/es\/index.php?rest_route=\/wp\/v2\/types\/post"}],"author":[{"embeddable":true,"href":"https:\/\/archive.sana.sy\/es\/index.php?rest_route=\/wp\/v2\/users\/1"}],"replies":[{"embeddable":true,"href":"https:\/\/archive.sana.sy\/es\/index.php?rest_route=%2Fwp%2Fv2%2Fcomments&post=15571"}],"version-history":[{"count":0,"href":"https:\/\/archive.sana.sy\/es\/index.php?rest_route=\/wp\/v2\/posts\/15571\/revisions"}],"wp:featuredmedia":[{"embeddable":true,"href":"https:\/\/archive.sana.sy\/es\/index.php?rest_route=\/wp\/v2\/media\/15572"}],"wp:attachment":[{"href":"https:\/\/archive.sana.sy\/es\/index.php?rest_route=%2Fwp%2Fv2%2Fmedia&parent=15571"}],"wp:term":[{"taxonomy":"category","embeddable":true,"href":"https:\/\/archive.sana.sy\/es\/index.php?rest_route=%2Fwp%2Fv2%2Fcategories&post=15571"},{"taxonomy":"post_tag","embeddable":true,"href":"https:\/\/archive.sana.sy\/es\/index.php?rest_route=%2Fwp%2Fv2%2Ftags&post=15571"}],"curies":[{"name":"wp","href":"https:\/\/api.w.org\/{rel}","templated":true}]}}