{"id":15574,"date":"2015-01-06T21:12:51","date_gmt":"2015-01-06T19:12:51","guid":{"rendered":"http:\/\/www.sana.sy\/es\/?p=15574"},"modified":"2015-01-07T16:25:15","modified_gmt":"2015-01-07T14:25:15","slug":"misa-navidena-en-la-iglesia-armenio-ortodoxa-en-damasco","status":"publish","type":"post","link":"https:\/\/archive.sana.sy\/es\/?p=15574","title":{"rendered":"Misa navide\u00f1a en la iglesia armenio-ortodoxa en Damasco"},"content":{"rendered":"<p>Damasco, SANA<\/p>\n<p>Se celebr\u00f3 este martes una misa navide\u00f1a, en la iglesia armenio-ortodoxa de St. Sarkis, en Damasco.<\/p>\n<p>El arzobispo Nalbindian lanz\u00f3 un llamado al mundo para que detenga la guerra en Siria y contra Siria, orando para que la paz se instaure en Siria y en toda la regi\u00f3n.<\/p>\n<p>Asimismo, asegur\u00f3 que los sirios son una sola familia y cooperan en lo bueno y lo malo, y nadie puede dispersarlos.<\/p>\n<p>El arzobispo destac\u00f3 que Sira seguir\u00e1 siendo faro para las naciones en el esp\u00edritu de fraternidad.<\/p>\n<p>Por otro lado y con esta ocasi\u00f3n, se celebr\u00f3 el centenario del extermino turco a los armenios.<\/p>\n<p>Fady M., Hala B.<\/p>\n","protected":false},"excerpt":{"rendered":"<p>Damasco, SANA Se celebr\u00f3 este martes una misa navide\u00f1a, en la iglesia armenio-ortodoxa de St. Sarkis, en Damasco. El arzobispo Nalbindian lanz\u00f3 un llamado al mundo para que detenga la guerra en Siria y contra Siria, orando para que la paz se instaure en Siria y en toda la regi\u00f3n. Asimismo, asegur\u00f3 que los sirios &hellip;<\/p>\n","protected":false},"author":1,"featured_media":15575,"comment_status":"closed","ping_status":"closed","sticky":false,"template":"","format":"standard","meta":{"footnotes":""},"categories":[477,476],"tags":[3519],"class_list":["post-15574","post","type-post","status-publish","format-standard","has-post-thumbnail","","category-noticias-edulcorantes","category-locales","tag-misa-navidena-en-la-iglesia-armenio-ortodoxa-en-damasco"],"_links":{"self":[{"href":"https:\/\/archive.sana.sy\/es\/index.php?rest_route=\/wp\/v2\/posts\/15574"}],"collection":[{"href":"https:\/\/archive.sana.sy\/es\/index.php?rest_route=\/wp\/v2\/posts"}],"about":[{"href":"https:\/\/archive.sana.sy\/es\/index.php?rest_route=\/wp\/v2\/types\/post"}],"author":[{"embeddable":true,"href":"https:\/\/archive.sana.sy\/es\/index.php?rest_route=\/wp\/v2\/users\/1"}],"replies":[{"embeddable":true,"href":"https:\/\/archive.sana.sy\/es\/index.php?rest_route=%2Fwp%2Fv2%2Fcomments&post=15574"}],"version-history":[{"count":0,"href":"https:\/\/archive.sana.sy\/es\/index.php?rest_route=\/wp\/v2\/posts\/15574\/revisions"}],"wp:featuredmedia":[{"embeddable":true,"href":"https:\/\/archive.sana.sy\/es\/index.php?rest_route=\/wp\/v2\/media\/15575"}],"wp:attachment":[{"href":"https:\/\/archive.sana.sy\/es\/index.php?rest_route=%2Fwp%2Fv2%2Fmedia&parent=15574"}],"wp:term":[{"taxonomy":"category","embeddable":true,"href":"https:\/\/archive.sana.sy\/es\/index.php?rest_route=%2Fwp%2Fv2%2Fcategories&post=15574"},{"taxonomy":"post_tag","embeddable":true,"href":"https:\/\/archive.sana.sy\/es\/index.php?rest_route=%2Fwp%2Fv2%2Ftags&post=15574"}],"curies":[{"name":"wp","href":"https:\/\/api.w.org\/{rel}","templated":true}]}}