{"id":15577,"date":"2015-01-06T19:10:09","date_gmt":"2015-01-06T17:10:09","guid":{"rendered":"http:\/\/www.sana.sy\/es\/?p=15577"},"modified":"2015-01-06T19:10:09","modified_gmt":"2015-01-06T17:10:09","slug":"canciller-checo-asegura-que-los-ataques-aereos-no-lograran-derrotar-al-ei","status":"publish","type":"post","link":"https:\/\/archive.sana.sy\/es\/?p=15577","title":{"rendered":"Canciller checo asegura que los ataques a\u00e9reos no lograr\u00e1n derrotar al EI"},"content":{"rendered":"<p style=\"text-align: justify\">Praga, SANA<\/p>\n<p style=\"text-align: justify\">El ministro de Exteriores checo Lubomir Zauralak, confirm\u00f3 que los ataques a\u00e9reos llevados a cabo por la coalici\u00f3n internacional no pueden derrotar a la organizaci\u00f3n terrorista del Estado Isl\u00e1mico, indicando que este asunto requiere una fuerte operaci\u00f3n terrestre y que Occidente no tiene planes actualmente para hacerlo.<\/p>\n<p style=\"text-align: justify\">En una entrevista con la revista checa &#8220;Tidin&#8221;, Zauralak consider\u00f3 que los problemas globales como el cambio clim\u00e1tico y el terrorismo s\u00f3lo pueden ser resueltos a nivel global, se\u00f1alando que Ir\u00e1n juega un papel importante en la lucha contra esta organizaci\u00f3n terrorista.<\/p>\n<p style=\"text-align: justify\">El canciller checo admiti\u00f3 que la llamada &#8220;primavera \u00e1rabe&#8221; despert\u00f3 a Occidente de la ilusi\u00f3n de la exportaci\u00f3n de la democracia, precisando que el dilema que enfrenta actualmente Europa es el fen\u00f3meno de los individuos frustrados que buscan ser reconocidos a trav\u00e9s de incorporaci\u00f3n a la organizaci\u00f3n terrorista del Estado Isl\u00e1mico.<\/p>\n<p style=\"text-align: justify\"><span style=\"color: #0000ff\">Fady M., Ghifar Al Ali<\/span><\/p>\n","protected":false},"excerpt":{"rendered":"<p>Praga, SANA El ministro de Exteriores checo Lubomir Zauralak, confirm\u00f3 que los ataques a\u00e9reos llevados a cabo por la coalici\u00f3n internacional no pueden derrotar a la organizaci\u00f3n terrorista del Estado Isl\u00e1mico, indicando que este asunto requiere una fuerte operaci\u00f3n terrestre y que Occidente no tiene planes actualmente para hacerlo. En una entrevista con la revista &hellip;<\/p>\n","protected":false},"author":1,"featured_media":14923,"comment_status":"closed","ping_status":"closed","sticky":false,"template":"","format":"standard","meta":{"footnotes":""},"categories":[597,456,457,576],"tags":[3520],"class_list":["post-15577","post","type-post","status-publish","format-standard","has-post-thumbnail","","category-cinta-de-noticias","category-arabe-internacional-politica","category-noticias-arabe-internacional-politica","category-noticias-politicas","tag-canciller-checo-asegura-que-los-ataques-aereos-no-lograran-derrotar-al-ei"],"_links":{"self":[{"href":"https:\/\/archive.sana.sy\/es\/index.php?rest_route=\/wp\/v2\/posts\/15577"}],"collection":[{"href":"https:\/\/archive.sana.sy\/es\/index.php?rest_route=\/wp\/v2\/posts"}],"about":[{"href":"https:\/\/archive.sana.sy\/es\/index.php?rest_route=\/wp\/v2\/types\/post"}],"author":[{"embeddable":true,"href":"https:\/\/archive.sana.sy\/es\/index.php?rest_route=\/wp\/v2\/users\/1"}],"replies":[{"embeddable":true,"href":"https:\/\/archive.sana.sy\/es\/index.php?rest_route=%2Fwp%2Fv2%2Fcomments&post=15577"}],"version-history":[{"count":0,"href":"https:\/\/archive.sana.sy\/es\/index.php?rest_route=\/wp\/v2\/posts\/15577\/revisions"}],"wp:featuredmedia":[{"embeddable":true,"href":"https:\/\/archive.sana.sy\/es\/index.php?rest_route=\/wp\/v2\/media\/14923"}],"wp:attachment":[{"href":"https:\/\/archive.sana.sy\/es\/index.php?rest_route=%2Fwp%2Fv2%2Fmedia&parent=15577"}],"wp:term":[{"taxonomy":"category","embeddable":true,"href":"https:\/\/archive.sana.sy\/es\/index.php?rest_route=%2Fwp%2Fv2%2Fcategories&post=15577"},{"taxonomy":"post_tag","embeddable":true,"href":"https:\/\/archive.sana.sy\/es\/index.php?rest_route=%2Fwp%2Fv2%2Ftags&post=15577"}],"curies":[{"name":"wp","href":"https:\/\/api.w.org\/{rel}","templated":true}]}}