{"id":155782,"date":"2020-10-13T10:24:14","date_gmt":"2020-10-13T07:24:14","guid":{"rendered":"http:\/\/sana.sy\/es\/?p=155782"},"modified":"2020-10-13T17:02:12","modified_gmt":"2020-10-13T14:02:12","slug":"presidente-al-assad-visita-zonas-afectadas-por-los-incendios-en-latakia","status":"publish","type":"post","link":"https:\/\/archive.sana.sy\/es\/?p=155782","title":{"rendered":"Presidente al-Assad visita zonas asoladas por incendios en Latakia y segura que el Estado apoyar\u00e1 a cada familia afectada"},"content":{"rendered":"<p style=\"text-align: justify\"><span style=\"color: #800000\"><strong>Latakia, SANA<\/strong><\/span><\/p>\n<p style=\"text-align: justify\">El presidente Bashar al-Assad, realiz\u00f3 este martes, un recorrido en varias localidades afectadas por los incendios que se produjeron recientemente en zonas forestales y tierras agr\u00edcolas en la provincia costera de Latakia.<\/p>\n<p style=\"text-align: justify\">El presidente fue acompa\u00f1ado por los ministros de Administraci\u00f3n Municipal y de Agricultura, el Gobernador de Latakia y el Director Provincial de Agricultura.<\/p>\n<p style=\"text-align: justify\">\u201cLo que sucedi\u00f3 es un desastre nacional en el sentido humanitario y econ\u00f3mico, y el Estado apoyar\u00e1 a las familias que han perdido sus recursos\u201d, dijo durante su recorrido.<\/p>\n<p style=\"text-align: justify\">El primer pueblo visitado fue Balloran, donde el mandatario escuch\u00f3 a las demandas de los pobladores en aras de garantizar sus necesidades b\u00e1sicas y todo lo que les ayudar\u00eda a reforzar su apego a la tierra y su siembra de nuevo y lo m\u00e1s pronto posible.<\/p>\n<p style=\"text-align: justify\">\u201cEl Estado llevar\u00e1 el mayor peso del apoyo financiero a las familias que perdieron sus recursos para que puedan quedarse en sus tierras e invertirlas\u201d, afirm\u00f3 durante su visita al poblado de Bessut, en el campo del municipio de Qurdaha.<\/p>\n<p style=\"text-align: justify\">Al-Assad llam\u00f3 a la gente afectada a no rendirse y tampoco a resignarse que sus terrenos ya no son productivos.<br \/>\n\u201cPor supuesto, hay personas que aprovechan esta oportunidad y tratan de explotar las necesidades de los ciudadanos y las familias para comprarles sus tierras y transformarlas de tierras productivas a tierras de compraventa inmobiliaria\u201d se\u00f1al\u00f3.<\/p>\n<p style=\"text-align: justify\">Asegur\u00f3 a los siniestrados que el gobierno \u201cquiere apoyar cada \u00e1rbol y cada individuo afectado\u201d.<\/p>\n<p style=\"text-align: justify\">Asimismo, salud\u00f3 a los hombres de la defensa civil que no escatimaron esfuerzos a pesar de la falta de medios para extinguir los incendios y tambi\u00e9n a los periodistas que mostraron gran coraje sin imprudencia.<\/p>\n<p style=\"text-align: justify\">\u201cUn saludo siempre al Ej\u00e9rcito \u00c1rabe Sirio que est\u00e1 presente en todos los frentes que los necesitan\u201d, asever\u00f3.<br \/>\nEl presidente culmin\u00f3 su recorrido con visitar la localidad de Kaferdebil en el municipio costero de Jableh, donde se actualiz\u00f3 sobre los da\u00f1os que sufrieron los bosques y forestes de esa localidad por los recientes incendios.<\/p>\n<p style=\"text-align: justify\">\n<div id='gallery-1' class='gallery galleryid-155782 gallery-columns-1 gallery-size-full'><figure class='gallery-item'>\n\t\t\t<div class='gallery-icon landscape'>\n\t\t\t\t<a href='https:\/\/archive.sana.sy\/es\/?attachment_id=155792'><img loading=\"lazy\" decoding=\"async\" width=\"660\" height=\"440\" src=\"https:\/\/archive.sana.sy\/es\/wp-content\/uploads\/2020\/10\/pre16.jpg\" class=\"attachment-full size-full\" alt=\"\" srcset=\"https:\/\/archive.sana.sy\/es\/wp-content\/uploads\/2020\/10\/pre16.jpg 660w, https:\/\/archive.sana.sy\/es\/wp-content\/uploads\/2020\/10\/pre16-300x200.jpg 300w, https:\/\/archive.sana.sy\/es\/wp-content\/uploads\/2020\/10\/pre16-150x100.jpg 150w\" sizes=\"(max-width: 660px) 100vw, 660px\" \/><\/a>\n\t\t\t<\/div><\/figure><figure class='gallery-item'>\n\t\t\t<div class='gallery-icon landscape'>\n\t\t\t\t<a href='https:\/\/archive.sana.sy\/es\/?attachment_id=155797'><img loading=\"lazy\" decoding=\"async\" width=\"660\" height=\"495\" src=\"https:\/\/archive.sana.sy\/es\/wp-content\/uploads\/2020\/10\/pre14.jpg\" class=\"attachment-full size-full\" alt=\"\" srcset=\"https:\/\/archive.sana.sy\/es\/wp-content\/uploads\/2020\/10\/pre14.jpg 660w, https:\/\/archive.sana.sy\/es\/wp-content\/uploads\/2020\/10\/pre14-300x225.jpg 300w, https:\/\/archive.sana.sy\/es\/wp-content\/uploads\/2020\/10\/pre14-150x113.jpg 150w\" sizes=\"(max-width: 660px) 100vw, 660px\" \/><\/a>\n\t\t\t<\/div><\/figure><figure class='gallery-item'>\n\t\t\t<div class='gallery-icon landscape'>\n\t\t\t\t<a href='https:\/\/archive.sana.sy\/es\/?attachment_id=155793'><img loading=\"lazy\" decoding=\"async\" width=\"660\" height=\"494\" src=\"https:\/\/archive.sana.sy\/es\/wp-content\/uploads\/2020\/10\/pre17.jpg\" class=\"attachment-full size-full\" alt=\"\" srcset=\"https:\/\/archive.sana.sy\/es\/wp-content\/uploads\/2020\/10\/pre17.jpg 660w, https:\/\/archive.sana.sy\/es\/wp-content\/uploads\/2020\/10\/pre17-300x225.jpg 300w, https:\/\/archive.sana.sy\/es\/wp-content\/uploads\/2020\/10\/pre17-150x112.jpg 150w\" sizes=\"(max-width: 660px) 100vw, 660px\" \/><\/a>\n\t\t\t<\/div><\/figure><figure class='gallery-item'>\n\t\t\t<div class='gallery-icon landscape'>\n\t\t\t\t<a href='https:\/\/archive.sana.sy\/es\/?attachment_id=155790'><img loading=\"lazy\" decoding=\"async\" width=\"660\" height=\"440\" src=\"https:\/\/archive.sana.sy\/es\/wp-content\/uploads\/2020\/10\/pre12.jpg\" class=\"attachment-full size-full\" alt=\"\" srcset=\"https:\/\/archive.sana.sy\/es\/wp-content\/uploads\/2020\/10\/pre12.jpg 660w, https:\/\/archive.sana.sy\/es\/wp-content\/uploads\/2020\/10\/pre12-300x200.jpg 300w, https:\/\/archive.sana.sy\/es\/wp-content\/uploads\/2020\/10\/pre12-150x100.jpg 150w\" sizes=\"(max-width: 660px) 100vw, 660px\" \/><\/a>\n\t\t\t<\/div><\/figure><figure class='gallery-item'>\n\t\t\t<div class='gallery-icon portrait'>\n\t\t\t\t<a href='https:\/\/archive.sana.sy\/es\/?attachment_id=155791'><img loading=\"lazy\" decoding=\"async\" width=\"390\" height=\"660\" src=\"https:\/\/archive.sana.sy\/es\/wp-content\/uploads\/2020\/10\/pre15.jpg\" class=\"attachment-full size-full\" alt=\"\" srcset=\"https:\/\/archive.sana.sy\/es\/wp-content\/uploads\/2020\/10\/pre15.jpg 390w, https:\/\/archive.sana.sy\/es\/wp-content\/uploads\/2020\/10\/pre15-177x300.jpg 177w, https:\/\/archive.sana.sy\/es\/wp-content\/uploads\/2020\/10\/pre15-89x150.jpg 89w\" sizes=\"(max-width: 390px) 100vw, 390px\" \/><\/a>\n\t\t\t<\/div><\/figure><figure class='gallery-item'>\n\t\t\t<div class='gallery-icon portrait'>\n\t\t\t\t<a href='https:\/\/archive.sana.sy\/es\/?attachment_id=155789'><img loading=\"lazy\" decoding=\"async\" width=\"393\" height=\"660\" src=\"https:\/\/archive.sana.sy\/es\/wp-content\/uploads\/2020\/10\/pre11.jpg\" class=\"attachment-full size-full\" alt=\"\" srcset=\"https:\/\/archive.sana.sy\/es\/wp-content\/uploads\/2020\/10\/pre11.jpg 393w, https:\/\/archive.sana.sy\/es\/wp-content\/uploads\/2020\/10\/pre11-179x300.jpg 179w, https:\/\/archive.sana.sy\/es\/wp-content\/uploads\/2020\/10\/pre11-89x150.jpg 89w\" sizes=\"(max-width: 393px) 100vw, 393px\" \/><\/a>\n\t\t\t<\/div><\/figure>\n\t\t<\/div>\n\n<p style=\"text-align: justify\"><strong><span style=\"color: #0000ff\">fm\/ws\/la<\/span><\/strong><\/p>\n","protected":false},"excerpt":{"rendered":"<p>Latakia, SANA El presidente Bashar al-Assad, realiz\u00f3 este martes, un recorrido en varias localidades afectadas por los incendios que se produjeron recientemente en zonas forestales y tierras agr\u00edcolas en la provincia costera de Latakia. El presidente fue acompa\u00f1ado por los ministros de Administraci\u00f3n Municipal y de Agricultura, el Gobernador de Latakia y el Director Provincial &hellip;<\/p>\n","protected":false},"author":35,"featured_media":155783,"comment_status":"closed","ping_status":"closed","sticky":false,"template":"","format":"standard","meta":{"footnotes":""},"categories":[477,597,476,16237,583],"tags":[],"class_list":["post-155782","post","type-post","status-publish","format-standard","has-post-thumbnail","","category-noticias-edulcorantes","category-cinta-de-noticias","category-locales","category-presidence-de-la-republique-arabe-syria","category-slide"],"_links":{"self":[{"href":"https:\/\/archive.sana.sy\/es\/index.php?rest_route=\/wp\/v2\/posts\/155782"}],"collection":[{"href":"https:\/\/archive.sana.sy\/es\/index.php?rest_route=\/wp\/v2\/posts"}],"about":[{"href":"https:\/\/archive.sana.sy\/es\/index.php?rest_route=\/wp\/v2\/types\/post"}],"author":[{"embeddable":true,"href":"https:\/\/archive.sana.sy\/es\/index.php?rest_route=\/wp\/v2\/users\/35"}],"replies":[{"embeddable":true,"href":"https:\/\/archive.sana.sy\/es\/index.php?rest_route=%2Fwp%2Fv2%2Fcomments&post=155782"}],"version-history":[{"count":0,"href":"https:\/\/archive.sana.sy\/es\/index.php?rest_route=\/wp\/v2\/posts\/155782\/revisions"}],"wp:featuredmedia":[{"embeddable":true,"href":"https:\/\/archive.sana.sy\/es\/index.php?rest_route=\/wp\/v2\/media\/155783"}],"wp:attachment":[{"href":"https:\/\/archive.sana.sy\/es\/index.php?rest_route=%2Fwp%2Fv2%2Fmedia&parent=155782"}],"wp:term":[{"taxonomy":"category","embeddable":true,"href":"https:\/\/archive.sana.sy\/es\/index.php?rest_route=%2Fwp%2Fv2%2Fcategories&post=155782"},{"taxonomy":"post_tag","embeddable":true,"href":"https:\/\/archive.sana.sy\/es\/index.php?rest_route=%2Fwp%2Fv2%2Ftags&post=155782"}],"curies":[{"name":"wp","href":"https:\/\/api.w.org\/{rel}","templated":true}]}}