{"id":15579,"date":"2015-01-06T19:28:14","date_gmt":"2015-01-06T17:28:14","guid":{"rendered":"http:\/\/www.sana.sy\/es\/?p=15579"},"modified":"2015-01-07T16:27:22","modified_gmt":"2015-01-07T14:27:22","slug":"gabinete-aprueba-proyecto-de-ley-sobre-el-empleo-de-las-personas-con-discapacidad-la-estrategia-de-desarrollo-de-la-primera-infancia","status":"publish","type":"post","link":"https:\/\/archive.sana.sy\/es\/?p=15579","title":{"rendered":"Gabinete aprueba proyecto de ley sobre el empleo de las personas con discapacidad, y sobre la estrategia de desarrollo de la primera infancia"},"content":{"rendered":"<p style=\"text-align: justify\"><span style=\"color: #800000\">Damasco, SANA<\/span><\/p>\n<p style=\"text-align: justify\">El Consejo de Ministros aprob\u00f3 el martes un proyecto de ley sobre el empleo de las personas con discapacidad en establecimientos del sector p\u00fablico, y un proyecto de ley sobre la ampliaci\u00f3n de un decreto de exenci\u00f3n para los suscriptores a Telecom Siria que tienen pagos atrasados de intereses y otros cargos.<\/p>\n<p style=\"text-align: justify\">El Consejo de Ministros tambi\u00e9n aprob\u00f3 la estrategia nacional para el desarrollo de la primera infancia en Siria para el per\u00edodo 2014-2020.<\/p>\n<p style=\"text-align: justify\">Presidiendo la sesi\u00f3n del gabinete, el primer ministro, Wael al-Halaqi dijo que la principal preocupaci\u00f3n del gobierno es mejorar el nivel de vida de los ciudadanos, la prestaci\u00f3n de los servicios que necesitan, y la racionalizaci\u00f3n de las ayudas de\u00a0 alivio y garantizar que lleguen a quienes lo necesitan.<\/p>\n<p style=\"text-align: justify\">Al-Halqi se\u00f1al\u00f3 que el gobierno logr\u00f3 adaptarse a los retos que enfrent\u00f3 en 2014, ofrecer a los ciudadanos sus necesidades y mantener estable el tipo de cambio de la libra siria, adem\u00e1s de proporcionar 12.000 oportunidades de trabajo para los familiares de los m\u00e1rtires.<\/p>\n<p style=\"text-align: justify\">Tambi\u00e9n afirm\u00f3 que el Gobierno trabajar\u00e1 para mejorar la situaci\u00f3n del sector de servicios, en particular en los \u00e1mbitos del transporte y la electricidad, instando a los establecimientos estatales a controlar el gasto.<\/p>\n<p style=\"text-align: justify\">Durante la sesi\u00f3n, el ministro de Asuntos Exteriores y Expatriados, Walid al-Moallem, inform\u00f3 al Consejo de Ministros sobre los \u00faltimos acontecimientos pol\u00edticos en el \u00e1mbito internacional, mientras que el ministro de Administraci\u00f3n Local Omar Ghalawanji revis\u00f3 el estado del sector de servicios y las medidas que est\u00e1n tomando para hacer frente a la tormenta de nieve que se aproxima.<\/p>\n<p style=\"text-align: justify\">Ghalawanji dijo que los planes se han ultimado para hacer frente a cualquier emergencia que pueda surgir debido a la tormenta de nieve en todas las \u00e1reas, con los trabajadores del sector de\u00a0 salud, los bomberos, y el personal policial\u00a0 que van a estar en estado de alerta, adem\u00e1s de asegurar la disponibilidad de alimentos y combustibles.<\/p>\n<p style=\"text-align: justify\"><span style=\"color: #0000ff\">Ghifar Al Ali &amp; Riyad Sh.<\/span><\/p>\n","protected":false},"excerpt":{"rendered":"<p>Damasco, SANA El Consejo de Ministros aprob\u00f3 el martes un proyecto de ley sobre el empleo de las personas con discapacidad en establecimientos del sector p\u00fablico, y un proyecto de ley sobre la ampliaci\u00f3n de un decreto de exenci\u00f3n para los suscriptores a Telecom Siria que tienen pagos atrasados de intereses y otros cargos. El &hellip;<\/p>\n","protected":false},"author":1,"featured_media":9764,"comment_status":"closed","ping_status":"closed","sticky":false,"template":"","format":"standard","meta":{"footnotes":""},"categories":[477,476],"tags":[3521,3523],"class_list":["post-15579","post","type-post","status-publish","format-standard","has-post-thumbnail","","category-noticias-edulcorantes","category-locales","tag-gabinete-aprueba-proyecto-de-ley-sobre-el-empleo-de-las-personas-con-discapacidad","tag-y-sobre-la-estrategia-de-desarrollo-de-la-primera-infancia"],"_links":{"self":[{"href":"https:\/\/archive.sana.sy\/es\/index.php?rest_route=\/wp\/v2\/posts\/15579"}],"collection":[{"href":"https:\/\/archive.sana.sy\/es\/index.php?rest_route=\/wp\/v2\/posts"}],"about":[{"href":"https:\/\/archive.sana.sy\/es\/index.php?rest_route=\/wp\/v2\/types\/post"}],"author":[{"embeddable":true,"href":"https:\/\/archive.sana.sy\/es\/index.php?rest_route=\/wp\/v2\/users\/1"}],"replies":[{"embeddable":true,"href":"https:\/\/archive.sana.sy\/es\/index.php?rest_route=%2Fwp%2Fv2%2Fcomments&post=15579"}],"version-history":[{"count":0,"href":"https:\/\/archive.sana.sy\/es\/index.php?rest_route=\/wp\/v2\/posts\/15579\/revisions"}],"wp:featuredmedia":[{"embeddable":true,"href":"https:\/\/archive.sana.sy\/es\/index.php?rest_route=\/wp\/v2\/media\/9764"}],"wp:attachment":[{"href":"https:\/\/archive.sana.sy\/es\/index.php?rest_route=%2Fwp%2Fv2%2Fmedia&parent=15579"}],"wp:term":[{"taxonomy":"category","embeddable":true,"href":"https:\/\/archive.sana.sy\/es\/index.php?rest_route=%2Fwp%2Fv2%2Fcategories&post=15579"},{"taxonomy":"post_tag","embeddable":true,"href":"https:\/\/archive.sana.sy\/es\/index.php?rest_route=%2Fwp%2Fv2%2Ftags&post=15579"}],"curies":[{"name":"wp","href":"https:\/\/api.w.org\/{rel}","templated":true}]}}