{"id":155824,"date":"2020-10-13T17:07:38","date_gmt":"2020-10-13T14:07:38","guid":{"rendered":"http:\/\/sana.sy\/es\/?p=155824"},"modified":"2020-10-13T17:07:38","modified_gmt":"2020-10-13T14:07:38","slug":"siria-ratifica-compromiso-con-la-lucha-contra-la-delincuencia-organizada","status":"publish","type":"post","link":"https:\/\/archive.sana.sy\/es\/?p=155824","title":{"rendered":"Siria ratifica compromiso con la lucha contra la delincuencia organizada"},"content":{"rendered":"<p style=\"text-align: justify\"><span style=\"color: #800000\">Viena, SANA<\/span><\/p>\n<p style=\"text-align: justify\">Siria reiter\u00f3 su compromiso con la lucha contra la delincuencia organizada y su disposici\u00f3n a modernizar sus leyes nacionales de acuerdo con los convenios internacionales relativos a este tema, asever\u00f3 el embajador Bassam Sabbagh, representante permanente de la Rep\u00fablica \u00c1rabe Siria ante la oficina de las Naciones Unidas en Viena.<\/p>\n<p style=\"text-align: justify\">Durante su intervenci\u00f3n en el D\u00e9cimo Per\u00edodo de Sesiones de la Conferencia de las Partes en la Convenci\u00f3n de las Naciones Unidas contra la Delincuencia Organizada Transnacional en Viena, Sabbagh se\u00f1al\u00f3 que el Gobierno sirio ha emitido en los \u00faltimos a\u00f1os un paquete de leyes destinadas a enfrentar la delincuencia organizada transnacional, y se\u00f1al\u00f3 que el Comit\u00e9 Nacional Sirio para Combatir la Trata de Personas ha elaborado un plan nacional integral entre 2020 y 2022 para impedir este delito.<\/p>\n<p style=\"text-align: justify\">Valor\u00f3 la labor de la Oficina de Lucha contra la Droga y Delincuencia en Viena, y le pidi\u00f3 brindar m\u00e1s ayuda a Siria que se enfrenta a circunstancias excepcionales desde 2011.<\/p>\n<p style=\"text-align: justify\">Record\u00f3 que en los \u00faltimos a\u00f1os un gran n\u00famero de elementos terroristas y criminales muy peligrosos han ingresado en Siria provenientes de distintos pa\u00edses del mundo y apoyados por actores tanto regionales como internacionales que les brindaron dinero, armamento y sofisticados medios de comunicaci\u00f3n.<\/p>\n<p style=\"text-align: justify\">El diplom\u00e1tico agreg\u00f3 que esos grupos terroristas b\u00e1rbaros practicaron todas las formas de delincuencia organizada, incluido la trata de personas, tr\u00e1fico de \u00f3rganos, la explotaci\u00f3n sexual y la destrucci\u00f3n y el saqueo de antig\u00fcedades sirias, muchas de las cuales se remontan a periodos previos del nacimiento de Cristo.<\/p>\n<p style=\"text-align: justify\">Denunci\u00f3 que m\u00e1s de 900 sitios arqueol\u00f3gicos considerados como una parte importante del patrimonio cultural sirio han sido saqueados y saboteados por esos terroristas.<\/p>\n<p style=\"text-align: justify\">Explic\u00f3 que las medidas econ\u00f3micas coercitivas unilaterales impuestas por la Uni\u00f3n Europea y EEUU a Siria han provocado una ola de desplazamiento de la poblaci\u00f3n a campamentos de refugiados en pa\u00edses vecinos, y lo cual dio lugar al creciente fen\u00f3meno de la trata de personas, especialmente ni\u00f1os, tr\u00e1fico de \u00f3rganos humanos, matrimonio de ni\u00f1as menores de edad, etc.<\/p>\n<p style=\"text-align: justify\">\u201cEsto exige la elaboraci\u00f3n inmediata de un plan de acci\u00f3n internacional y serio para proteger a los sirios que viven en esos campamentos y ayudarles a retornar a sus hogares, as\u00ed como levantar las medidas ilegales que impiden a estos \u00faltimos vivir en dignas condiciones de vida\u201d, se\u00f1al\u00f3.<\/p>\n<p style=\"text-align: justify\">Concluy\u00f3 con dirigir un llamamiento a los pa\u00edses partes del Tratado a asumir su responsabilidad para fortalecer el papel de la ONU en la lucha contra el crimen organizado trasnacional.<\/p>\n<p style=\"text-align: justify\">\n<em><span style=\"color: #0000ff\">la\/fa<\/span><\/em><\/p>\n","protected":false},"excerpt":{"rendered":"<p>Viena, SANA Siria reiter\u00f3 su compromiso con la lucha contra la delincuencia organizada y su disposici\u00f3n a modernizar sus leyes nacionales de acuerdo con los convenios internacionales relativos a este tema, asever\u00f3 el embajador Bassam Sabbagh, representante permanente de la Rep\u00fablica \u00c1rabe Siria ante la oficina de las Naciones Unidas en Viena. Durante su intervenci\u00f3n &hellip;<\/p>\n","protected":false},"author":24,"featured_media":155825,"comment_status":"closed","ping_status":"closed","sticky":false,"template":"","format":"standard","meta":{"footnotes":""},"categories":[597,467,7541],"tags":[],"class_list":["post-155824","post","type-post","status-publish","format-standard","has-post-thumbnail","","category-cinta-de-noticias","category-siria-y-el-mundo","category-ultimas-noticias"],"_links":{"self":[{"href":"https:\/\/archive.sana.sy\/es\/index.php?rest_route=\/wp\/v2\/posts\/155824"}],"collection":[{"href":"https:\/\/archive.sana.sy\/es\/index.php?rest_route=\/wp\/v2\/posts"}],"about":[{"href":"https:\/\/archive.sana.sy\/es\/index.php?rest_route=\/wp\/v2\/types\/post"}],"author":[{"embeddable":true,"href":"https:\/\/archive.sana.sy\/es\/index.php?rest_route=\/wp\/v2\/users\/24"}],"replies":[{"embeddable":true,"href":"https:\/\/archive.sana.sy\/es\/index.php?rest_route=%2Fwp%2Fv2%2Fcomments&post=155824"}],"version-history":[{"count":0,"href":"https:\/\/archive.sana.sy\/es\/index.php?rest_route=\/wp\/v2\/posts\/155824\/revisions"}],"wp:featuredmedia":[{"embeddable":true,"href":"https:\/\/archive.sana.sy\/es\/index.php?rest_route=\/wp\/v2\/media\/155825"}],"wp:attachment":[{"href":"https:\/\/archive.sana.sy\/es\/index.php?rest_route=%2Fwp%2Fv2%2Fmedia&parent=155824"}],"wp:term":[{"taxonomy":"category","embeddable":true,"href":"https:\/\/archive.sana.sy\/es\/index.php?rest_route=%2Fwp%2Fv2%2Fcategories&post=155824"},{"taxonomy":"post_tag","embeddable":true,"href":"https:\/\/archive.sana.sy\/es\/index.php?rest_route=%2Fwp%2Fv2%2Ftags&post=155824"}],"curies":[{"name":"wp","href":"https:\/\/api.w.org\/{rel}","templated":true}]}}