{"id":155830,"date":"2020-10-13T18:11:13","date_gmt":"2020-10-13T15:11:13","guid":{"rendered":"http:\/\/sana.sy\/es\/?p=155830"},"modified":"2020-10-13T18:16:59","modified_gmt":"2020-10-13T15:16:59","slug":"gabinete-orienta-elaborar-planes-de-urgencias-para-replantar-zonas-rurales-afectadas-por-los-ultimos-incendios","status":"publish","type":"post","link":"https:\/\/archive.sana.sy\/es\/?p=155830","title":{"rendered":"Gabinete orienta agilizar implementaci\u00f3n de planes de respuesta a las secuelas de los \u00faltimos incendios"},"content":{"rendered":"<p style=\"text-align: justify\"><span style=\"color: #800000\">Damasco, SANA<\/span><\/p>\n<p style=\"text-align: justify\">Al inicio de su sesi\u00f3n semanal, el Consejo de Ministros salud\u00f3 los esfuerzos excepcionales desempe\u00f1ados por los organismos p\u00fablicos, actores populares, cuerpos de bomberos y fuerzas de defensa civil, en colaboraci\u00f3n con el Ej\u00e9rcito \u00c1rabe Sirio para extinguir los incendios que tuvieron lugar en las zonas rurales de las provincias de Latakia, Tartous y Homs.<\/p>\n<p style=\"text-align: justify\">Exigi\u00f3 a los ministerios agilizar la elaboraci\u00f3n e implementaci\u00f3n de planes para replantar las \u00e1reas afectadas por los recientes incendios, normalizar la vida econ\u00f3mica en ellas lo antes posible, e indemnizar a los afectados para que vuelvan a cultivar sus terrenos siniestrados.<\/p>\n<p style=\"text-align: justify\">\u201cEl Estado brindar\u00e1 diferentes tipos de apoyo a las personas afectadas para compensar los da\u00f1os que han sufrido a consecuencia de los incendios lo que contribuya a la revitalizaci\u00f3n de sus tierras agr\u00edcolas\u201d, afirm\u00f3 presidente del Gabinete, Hossein Arnous.<\/p>\n<p style=\"text-align: justify\">El gabinete abord\u00f3 tambi\u00e9n varios temas de inter\u00e9s p\u00fablico, donde orient\u00f3 tomar medidas para mejorar el proceso educativo en las localidades que se encuentran en el sur de la provincia septentrional de Alepo, importar 5 millones de dosis de vacunas contra la fiebre aftosa para proteger a la riqueza ganadera, y endurecer el control sobre el contrabando de derivados petroleros.<\/p>\n<p style=\"text-align: justify\"><span style=\"color: #0000ff\"><em>la<\/em><\/span><\/p>\n","protected":false},"excerpt":{"rendered":"<p>Damasco, SANA Al inicio de su sesi\u00f3n semanal, el Consejo de Ministros salud\u00f3 los esfuerzos excepcionales desempe\u00f1ados por los organismos p\u00fablicos, actores populares, cuerpos de bomberos y fuerzas de defensa civil, en colaboraci\u00f3n con el Ej\u00e9rcito \u00c1rabe Sirio para extinguir los incendios que tuvieron lugar en las zonas rurales de las provincias de Latakia, Tartous &hellip;<\/p>\n","protected":false},"author":24,"featured_media":155831,"comment_status":"closed","ping_status":"closed","sticky":false,"template":"","format":"standard","meta":{"footnotes":""},"categories":[597,476,7541],"tags":[],"class_list":["post-155830","post","type-post","status-publish","format-standard","has-post-thumbnail","","category-cinta-de-noticias","category-locales","category-ultimas-noticias"],"_links":{"self":[{"href":"https:\/\/archive.sana.sy\/es\/index.php?rest_route=\/wp\/v2\/posts\/155830"}],"collection":[{"href":"https:\/\/archive.sana.sy\/es\/index.php?rest_route=\/wp\/v2\/posts"}],"about":[{"href":"https:\/\/archive.sana.sy\/es\/index.php?rest_route=\/wp\/v2\/types\/post"}],"author":[{"embeddable":true,"href":"https:\/\/archive.sana.sy\/es\/index.php?rest_route=\/wp\/v2\/users\/24"}],"replies":[{"embeddable":true,"href":"https:\/\/archive.sana.sy\/es\/index.php?rest_route=%2Fwp%2Fv2%2Fcomments&post=155830"}],"version-history":[{"count":0,"href":"https:\/\/archive.sana.sy\/es\/index.php?rest_route=\/wp\/v2\/posts\/155830\/revisions"}],"wp:featuredmedia":[{"embeddable":true,"href":"https:\/\/archive.sana.sy\/es\/index.php?rest_route=\/wp\/v2\/media\/155831"}],"wp:attachment":[{"href":"https:\/\/archive.sana.sy\/es\/index.php?rest_route=%2Fwp%2Fv2%2Fmedia&parent=155830"}],"wp:term":[{"taxonomy":"category","embeddable":true,"href":"https:\/\/archive.sana.sy\/es\/index.php?rest_route=%2Fwp%2Fv2%2Fcategories&post=155830"},{"taxonomy":"post_tag","embeddable":true,"href":"https:\/\/archive.sana.sy\/es\/index.php?rest_route=%2Fwp%2Fv2%2Ftags&post=155830"}],"curies":[{"name":"wp","href":"https:\/\/api.w.org\/{rel}","templated":true}]}}