{"id":155837,"date":"2020-10-13T18:29:30","date_gmt":"2020-10-13T15:29:30","guid":{"rendered":"http:\/\/sana.sy\/es\/?p=155837"},"modified":"2020-10-13T18:31:39","modified_gmt":"2020-10-13T15:31:39","slug":"suecia-insta-al-regimen-turco-retirar-sus-tropas-agresoras-de-siria","status":"publish","type":"post","link":"https:\/\/archive.sana.sy\/es\/?p=155837","title":{"rendered":"Suecia insta al r\u00e9gimen turco retirar sus tropas agresoras de Siria"},"content":{"rendered":"<p style=\"text-align: justify\"><span style=\"color: #800000\">Ankara, SANA<\/span><\/p>\n<p style=\"text-align: justify\">Suecia reiter\u00f3 sus llamados al r\u00e9gimen turco para que detenga su agresi\u00f3n contra el territorio sirio y &#8220;respete las libertades&#8221; dentro de Turqu\u00eda.<\/p>\n<p style=\"text-align: justify\">En este sentido, la agencia Associated Press inform\u00f3 que la ministra de Relaciones Exteriores de Suecia, Ann Linde, pidi\u00f3 a su par turco durante una conferencia de prensa conjunta celebrada hoy en Ankara que retire las fuerzas agresoras de su pa\u00eds de Siria, as\u00ed como fustig\u00f3 las pr\u00e1cticas que aplica el r\u00e9gimen turco para reprimir la libertad de expresi\u00f3n dentro del pa\u00eds.<\/p>\n<p style=\"text-align: justify\">El a\u00f1o pasado, el primer ministro sueco, Stefan L\u00f6fven, pidi\u00f3 cesar las pr\u00e1cticas agresoras de Ankara en Siria, tach\u00e1ndolas de \u201cviolaciones del derecho internacional\u201d.<\/p>\n<p style=\"text-align: justify\"><span style=\"color: #0000ff\"><em>la<\/em><\/span><\/p>\n","protected":false},"excerpt":{"rendered":"<p>Ankara, SANA Suecia reiter\u00f3 sus llamados al r\u00e9gimen turco para que detenga su agresi\u00f3n contra el territorio sirio y &#8220;respete las libertades&#8221; dentro de Turqu\u00eda. En este sentido, la agencia Associated Press inform\u00f3 que la ministra de Relaciones Exteriores de Suecia, Ann Linde, pidi\u00f3 a su par turco durante una conferencia de prensa conjunta celebrada &hellip;<\/p>\n","protected":false},"author":24,"featured_media":155838,"comment_status":"closed","ping_status":"closed","sticky":false,"template":"","format":"standard","meta":{"footnotes":""},"categories":[597,467],"tags":[],"class_list":["post-155837","post","type-post","status-publish","format-standard","has-post-thumbnail","","category-cinta-de-noticias","category-siria-y-el-mundo"],"_links":{"self":[{"href":"https:\/\/archive.sana.sy\/es\/index.php?rest_route=\/wp\/v2\/posts\/155837"}],"collection":[{"href":"https:\/\/archive.sana.sy\/es\/index.php?rest_route=\/wp\/v2\/posts"}],"about":[{"href":"https:\/\/archive.sana.sy\/es\/index.php?rest_route=\/wp\/v2\/types\/post"}],"author":[{"embeddable":true,"href":"https:\/\/archive.sana.sy\/es\/index.php?rest_route=\/wp\/v2\/users\/24"}],"replies":[{"embeddable":true,"href":"https:\/\/archive.sana.sy\/es\/index.php?rest_route=%2Fwp%2Fv2%2Fcomments&post=155837"}],"version-history":[{"count":0,"href":"https:\/\/archive.sana.sy\/es\/index.php?rest_route=\/wp\/v2\/posts\/155837\/revisions"}],"wp:featuredmedia":[{"embeddable":true,"href":"https:\/\/archive.sana.sy\/es\/index.php?rest_route=\/wp\/v2\/media\/155838"}],"wp:attachment":[{"href":"https:\/\/archive.sana.sy\/es\/index.php?rest_route=%2Fwp%2Fv2%2Fmedia&parent=155837"}],"wp:term":[{"taxonomy":"category","embeddable":true,"href":"https:\/\/archive.sana.sy\/es\/index.php?rest_route=%2Fwp%2Fv2%2Fcategories&post=155837"},{"taxonomy":"post_tag","embeddable":true,"href":"https:\/\/archive.sana.sy\/es\/index.php?rest_route=%2Fwp%2Fv2%2Ftags&post=155837"}],"curies":[{"name":"wp","href":"https:\/\/api.w.org\/{rel}","templated":true}]}}