{"id":15585,"date":"2015-01-06T19:51:16","date_gmt":"2015-01-06T17:51:16","guid":{"rendered":"http:\/\/www.sana.sy\/es\/?p=15585"},"modified":"2015-01-06T19:52:04","modified_gmt":"2015-01-06T17:52:04","slug":"continua-la-campana-de-vacunacion-hasta-el-proximo-jueves","status":"publish","type":"post","link":"https:\/\/archive.sana.sy\/es\/?p=15585","title":{"rendered":"Contin\u00faa la campa\u00f1a de vacunaci\u00f3n hasta el pr\u00f3ximo jueves"},"content":{"rendered":"<p style=\"text-align: justify\"><span style=\"color: #800000\">Damasco, SANA<\/span><\/p>\n<p style=\"text-align: justify\">El Ministerio de salud contin\u00faa la campa\u00f1a de vacunaci\u00f3n infra-nacional que comenz\u00f3 el pasado domingo y contin\u00faa hasta el pr\u00f3ximo jueves con la colaboraci\u00f3n de\u00a0 las dos organizaciones OMS\u00a8 la organizaci\u00f3n mundial de salud\u00a8 y \u00a8la organizaci\u00f3n de las naciones unidas para la infancia\u00a8 UNICEF; la campa\u00f1a va dirigida a los ni\u00f1os menores de los cinco a\u00f1os.<\/p>\n<p style=\"text-align: justify\">El ministro de Salud el Dr. Nizar Yazaji, declar\u00f3 que la campa\u00f1a tiene el fin de aumentar la cobertura en vacunaciones a los ni\u00f1os residentes en 549 pueblos incluidos en el programa de la vacunaci\u00f3n nacional, para salvaguardar la salud\u00a0 de los ni\u00f1os existentes en regiones de dif\u00edcil acceso.<\/p>\n<p style=\"text-align: justify\">En una declaraci\u00f3n de prensa el ministro se\u00f1al\u00f3 que el Ministerio ha asegurado\u00a0 las necesidades y requisitos para el \u00e9xito de la campa\u00f1a y el logro de sus fines deseados.<\/p>\n<p style=\"text-align: justify\"><span style=\"color: #0000ff\">Hala B., Riyad Sh.<\/span><\/p>\n","protected":false},"excerpt":{"rendered":"<p>Damasco, SANA El Ministerio de salud contin\u00faa la campa\u00f1a de vacunaci\u00f3n infra-nacional que comenz\u00f3 el pasado domingo y contin\u00faa hasta el pr\u00f3ximo jueves con la colaboraci\u00f3n de\u00a0 las dos organizaciones OMS\u00a8 la organizaci\u00f3n mundial de salud\u00a8 y \u00a8la organizaci\u00f3n de las naciones unidas para la infancia\u00a8 UNICEF; la campa\u00f1a va dirigida a los ni\u00f1os menores &hellip;<\/p>\n","protected":false},"author":1,"featured_media":15586,"comment_status":"closed","ping_status":"closed","sticky":false,"template":"","format":"standard","meta":{"footnotes":""},"categories":[477,597,476],"tags":[3525],"class_list":["post-15585","post","type-post","status-publish","format-standard","has-post-thumbnail","","category-noticias-edulcorantes","category-cinta-de-noticias","category-locales","tag-continua-la-campana-de-vacunacion-hasta-el-proximo-jueves"],"_links":{"self":[{"href":"https:\/\/archive.sana.sy\/es\/index.php?rest_route=\/wp\/v2\/posts\/15585"}],"collection":[{"href":"https:\/\/archive.sana.sy\/es\/index.php?rest_route=\/wp\/v2\/posts"}],"about":[{"href":"https:\/\/archive.sana.sy\/es\/index.php?rest_route=\/wp\/v2\/types\/post"}],"author":[{"embeddable":true,"href":"https:\/\/archive.sana.sy\/es\/index.php?rest_route=\/wp\/v2\/users\/1"}],"replies":[{"embeddable":true,"href":"https:\/\/archive.sana.sy\/es\/index.php?rest_route=%2Fwp%2Fv2%2Fcomments&post=15585"}],"version-history":[{"count":0,"href":"https:\/\/archive.sana.sy\/es\/index.php?rest_route=\/wp\/v2\/posts\/15585\/revisions"}],"wp:featuredmedia":[{"embeddable":true,"href":"https:\/\/archive.sana.sy\/es\/index.php?rest_route=\/wp\/v2\/media\/15586"}],"wp:attachment":[{"href":"https:\/\/archive.sana.sy\/es\/index.php?rest_route=%2Fwp%2Fv2%2Fmedia&parent=15585"}],"wp:term":[{"taxonomy":"category","embeddable":true,"href":"https:\/\/archive.sana.sy\/es\/index.php?rest_route=%2Fwp%2Fv2%2Fcategories&post=15585"},{"taxonomy":"post_tag","embeddable":true,"href":"https:\/\/archive.sana.sy\/es\/index.php?rest_route=%2Fwp%2Fv2%2Ftags&post=15585"}],"curies":[{"name":"wp","href":"https:\/\/api.w.org\/{rel}","templated":true}]}}