{"id":15597,"date":"2015-01-06T23:10:14","date_gmt":"2015-01-06T21:10:14","guid":{"rendered":"http:\/\/www.sana.sy\/es\/?p=15597"},"modified":"2015-01-06T23:13:58","modified_gmt":"2015-01-06T21:13:58","slug":"educacion-superior-y-educacion-aplazan-los-examenes-de-los-miercoles-y-jueves","status":"publish","type":"post","link":"https:\/\/archive.sana.sy\/es\/?p=15597","title":{"rendered":"Educaci\u00f3n Superior y Educaci\u00f3n aplazan los ex\u00e1menes de los mi\u00e9rcoles y jueves"},"content":{"rendered":"<p style=\"text-align: justify\"><span style=\"color: #800000\">Damasco, SANA<\/span><\/p>\n<p style=\"text-align: justify\">El Ministerio de Educaci\u00f3n Superior anunci\u00f3 el aplazamiento de los ex\u00e1menes de los mi\u00e9rcoles y jueves en las universidades, los colegios y los institutos que pertenecen al mismo, debido a las condiciones meteorol\u00f3gicas imperantes, a una fecha por determinar.<\/p>\n<p style=\"text-align: justify\">A su vez, el Ministerio de Educaci\u00f3n comunic\u00f3 la postergaci\u00f3n de los ex\u00e1menes de los mi\u00e9rcoles y jueves en todas las escuelas y los colegios afiliados, para tener lugar en la primera semana del segundo semestre.<\/p>\n<p style=\"text-align: justify\"><span style=\"color: #0000ff\">Ghifar Al Ali<\/span><\/p>\n","protected":false},"excerpt":{"rendered":"<p>Damasco, SANA El Ministerio de Educaci\u00f3n Superior anunci\u00f3 el aplazamiento de los ex\u00e1menes de los mi\u00e9rcoles y jueves en las universidades, los colegios y los institutos que pertenecen al mismo, debido a las condiciones meteorol\u00f3gicas imperantes, a una fecha por determinar. A su vez, el Ministerio de Educaci\u00f3n comunic\u00f3 la postergaci\u00f3n de los ex\u00e1menes de &hellip;<\/p>\n","protected":false},"author":1,"featured_media":15598,"comment_status":"closed","ping_status":"closed","sticky":false,"template":"","format":"standard","meta":{"footnotes":""},"categories":[477,597,476],"tags":[3526],"class_list":["post-15597","post","type-post","status-publish","format-standard","has-post-thumbnail","","category-noticias-edulcorantes","category-cinta-de-noticias","category-locales","tag-educacion-superior-y-educacion-aplazan-los-examenes-de-los-miercoles-y-jueves"],"_links":{"self":[{"href":"https:\/\/archive.sana.sy\/es\/index.php?rest_route=\/wp\/v2\/posts\/15597"}],"collection":[{"href":"https:\/\/archive.sana.sy\/es\/index.php?rest_route=\/wp\/v2\/posts"}],"about":[{"href":"https:\/\/archive.sana.sy\/es\/index.php?rest_route=\/wp\/v2\/types\/post"}],"author":[{"embeddable":true,"href":"https:\/\/archive.sana.sy\/es\/index.php?rest_route=\/wp\/v2\/users\/1"}],"replies":[{"embeddable":true,"href":"https:\/\/archive.sana.sy\/es\/index.php?rest_route=%2Fwp%2Fv2%2Fcomments&post=15597"}],"version-history":[{"count":0,"href":"https:\/\/archive.sana.sy\/es\/index.php?rest_route=\/wp\/v2\/posts\/15597\/revisions"}],"wp:featuredmedia":[{"embeddable":true,"href":"https:\/\/archive.sana.sy\/es\/index.php?rest_route=\/wp\/v2\/media\/15598"}],"wp:attachment":[{"href":"https:\/\/archive.sana.sy\/es\/index.php?rest_route=%2Fwp%2Fv2%2Fmedia&parent=15597"}],"wp:term":[{"taxonomy":"category","embeddable":true,"href":"https:\/\/archive.sana.sy\/es\/index.php?rest_route=%2Fwp%2Fv2%2Fcategories&post=15597"},{"taxonomy":"post_tag","embeddable":true,"href":"https:\/\/archive.sana.sy\/es\/index.php?rest_route=%2Fwp%2Fv2%2Ftags&post=15597"}],"curies":[{"name":"wp","href":"https:\/\/api.w.org\/{rel}","templated":true}]}}