{"id":15627,"date":"2015-01-07T17:32:13","date_gmt":"2015-01-07T15:32:13","guid":{"rendered":"http:\/\/www.sana.sy\/es\/?p=15627"},"modified":"2015-01-07T17:33:26","modified_gmt":"2015-01-07T15:33:26","slug":"hassoun-siria-es-escenario-de-una-guerra-global","status":"publish","type":"post","link":"https:\/\/archive.sana.sy\/es\/?p=15627","title":{"rendered":"Hassoun: Siria es escenario de una guerra global"},"content":{"rendered":"<p>Teher\u00e1n-SANA<\/p>\n<p>El Gran Mufti de la Rep\u00fablica, Dr. Ahmad Badereddin Hassoun, afirm\u00f3 que Siria hoy en d\u00eda, es escenario de una guerra globlal desatada por elementos de organizaciones terroristas y grupos takfir\u00edes procedentes de 83 pa\u00edses con el objetivo de romper su voluntad, independencia y su papel prionero en la regi\u00f3n.<\/p>\n<p>En su discurso pronunciado durante la Conferencia de la Unidad Isl\u00e1mica, celebrado actualmente en la capital iran\u00ed, Teher\u00e1n, Dr. Hassoun revel\u00f3 que \u201cel ataque terrorista takfir\u00ed contra Siria, L\u00edbano e Irak, tiene como objetivo asediar a Ir\u00e1n\u201d, dirigiendo un llamado a la Universidad Isl\u00e1mica de AL Azhar, en Egipto, la Asociaci\u00f3n de Ulemas de Meque y la Uni\u00f3n del Mundo isl\u00e1mico para cerrar las filas y entre todas las sectas para asumir sus responsabilidades ante las pr\u00e1cticas terroristas llevadas a cabo contra los pa\u00edses de la naci\u00f3n isl\u00e1mica por grupos takfir\u00edes.<\/p>\n<p>Hassoun dijo que 83 pa\u00edses conspiraron contra Siria, cuyos habitantes no superan los 23 millones, desde cuatro a\u00f1os, para destruir sus mequitas, iglesias y vestigios, alegando al mismo tiempo de que existe una divisi\u00f3n sectaria en este pa\u00eds, confirmando que Siria permanecer\u00e1 siempre la columna del islam..<\/p>\n<p>El Gran Mufti de Siria elogi\u00f3 las posturas de Ir\u00e1n en apoyo al pueblo sirio en su crisis y su respaldo a la resistencia en Palestina y Libano, agregando que Ir\u00e1n triunf\u00f3 gracias a la preencia de un imam que instruye y un presidente que aplica y ejerce las instrucciones, subrayando que \u201cesto es un ejemplo a seguir para las pr\u00f3ximas generaciones\u201d.<\/p>\n<p>&nbsp;<\/p>\n<p>Lynn A.<\/p>\n","protected":false},"excerpt":{"rendered":"<p>Teher\u00e1n-SANA El Gran Mufti de la Rep\u00fablica, Dr. Ahmad Badereddin Hassoun, afirm\u00f3 que Siria hoy en d\u00eda, es escenario de una guerra globlal desatada por elementos de organizaciones terroristas y grupos takfir\u00edes procedentes de 83 pa\u00edses con el objetivo de romper su voluntad, independencia y su papel prionero en la regi\u00f3n. En su discurso pronunciado &hellip;<\/p>\n","protected":false},"author":24,"featured_media":15642,"comment_status":"closed","ping_status":"closed","sticky":false,"template":"","format":"standard","meta":{"footnotes":""},"categories":[597,456,457,576],"tags":[],"class_list":["post-15627","post","type-post","status-publish","format-standard","has-post-thumbnail","","category-cinta-de-noticias","category-arabe-internacional-politica","category-noticias-arabe-internacional-politica","category-noticias-politicas"],"_links":{"self":[{"href":"https:\/\/archive.sana.sy\/es\/index.php?rest_route=\/wp\/v2\/posts\/15627"}],"collection":[{"href":"https:\/\/archive.sana.sy\/es\/index.php?rest_route=\/wp\/v2\/posts"}],"about":[{"href":"https:\/\/archive.sana.sy\/es\/index.php?rest_route=\/wp\/v2\/types\/post"}],"author":[{"embeddable":true,"href":"https:\/\/archive.sana.sy\/es\/index.php?rest_route=\/wp\/v2\/users\/24"}],"replies":[{"embeddable":true,"href":"https:\/\/archive.sana.sy\/es\/index.php?rest_route=%2Fwp%2Fv2%2Fcomments&post=15627"}],"version-history":[{"count":0,"href":"https:\/\/archive.sana.sy\/es\/index.php?rest_route=\/wp\/v2\/posts\/15627\/revisions"}],"wp:featuredmedia":[{"embeddable":true,"href":"https:\/\/archive.sana.sy\/es\/index.php?rest_route=\/wp\/v2\/media\/15642"}],"wp:attachment":[{"href":"https:\/\/archive.sana.sy\/es\/index.php?rest_route=%2Fwp%2Fv2%2Fmedia&parent=15627"}],"wp:term":[{"taxonomy":"category","embeddable":true,"href":"https:\/\/archive.sana.sy\/es\/index.php?rest_route=%2Fwp%2Fv2%2Fcategories&post=15627"},{"taxonomy":"post_tag","embeddable":true,"href":"https:\/\/archive.sana.sy\/es\/index.php?rest_route=%2Fwp%2Fv2%2Ftags&post=15627"}],"curies":[{"name":"wp","href":"https:\/\/api.w.org\/{rel}","templated":true}]}}